{"id":20163,"date":"2026-04-02T13:08:19","date_gmt":"2026-04-02T17:08:19","guid":{"rendered":"https:\/\/go.trader.ca\/?p=20163"},"modified":"2026-04-02T13:08:19","modified_gmt":"2026-04-02T17:08:19","slug":"miniclip-autohebdo-carology-le-point-sur-le-marche-canadien-de-lautomobile-au-t1-2026","status":"publish","type":"post","link":"https:\/\/go.trader.ca\/fr\/miniclip-autohebdo-carology-le-point-sur-le-marche-canadien-de-lautomobile-au-t1-2026\/","title":{"rendered":"AutoHebdo Carology Miniclip : Le point sur le march\u00e9 canadien de l\u2019automobile au T1 2026"},"content":{"rendered":"<div class=\"wpb-content-wrapper\"><p>[vc_row][vc_column][vc_column_text css=\u00a0\u00bb\u00a0\u00bb]Nous avons re\u00e7u Baris Akyurek, vice-pr\u00e9sident, analyse et veille concurrentielle chez AutoHebdo, pour qu\u2019il nous parle de la performance du march\u00e9 canadien de l&rsquo;automobile en 2025 et de ce \u00e0 quoi on peut s\u2019attendre en ce d\u00e9but d\u2019ann\u00e9e. Ne manquez pas le dernier miniclip AutoHebdo Carology pour tout savoir sur la tendance des inventaires et des prix, comprendre la conjoncture \u00e9conomique et savoir \u00e0 quoi vous attendre en 2026.[\/vc_column_text][\/vc_column][\/vc_row][vc_row][vc_column][vc_empty_space height=\u00a0\u00bb30px\u00a0\u00bb][vc_video link=\u00a0\u00bbhttps:\/\/youtu.be\/-2yW3Rzu27k\u00a0\u00bb css=\u00a0\u00bb\u00a0\u00bb][vc_empty_space height=\u00a0\u00bb30px\u00a0\u00bb][\/vc_column][\/vc_row]<\/p>\n<\/div>","protected":false},"excerpt":{"rendered":"<p>[vc_row][vc_column][vc_column_text css=\u00a0\u00bb\u00a0\u00bb]Nous avons re\u00e7u Baris Akyurek, vice-pr\u00e9sident, analyse et veille concurrentielle chez AutoHebdo, pour qu\u2019il nous parle de la performance du march\u00e9 canadien de l&rsquo;automobile en 2025 et de ce \u00e0 quoi on peut s\u2019attendre en ce d\u00e9but d\u2019ann\u00e9e. Ne manquez pas le dernier miniclip AutoHebdo Carology pour tout savoir sur la tendance des inventaires<\/p>\n","protected":false},"author":35,"featured_media":20192,"comment_status":"open","ping_status":"open","sticky":false,"template":"","format":"standard","meta":{"site-sidebar-layout":"default","site-content-layout":"","ast-site-content-layout":"default","site-content-style":"default","site-sidebar-style":"default","ast-global-header-display":"","ast-banner-title-visibility":"","ast-main-header-display":"","ast-hfb-above-header-display":"","ast-hfb-below-header-display":"","ast-hfb-mobile-header-display":"","site-post-title":"","ast-breadcrumbs-content":"","ast-featured-img":"","footer-sml-layout":"","ast-disable-related-posts":"","theme-transparent-header-meta":"default","adv-header-id-meta":"","stick-header-meta":"","header-above-stick-meta":"","header-main-stick-meta":"","header-below-stick-meta":"","astra-migrate-meta-layouts":"set","ast-page-background-enabled":"default","ast-page-background-meta":{"desktop":{"background-color":"var(--ast-global-color-4)","background-image":"","background-repeat":"repeat","background-position":"center center","background-size":"auto","background-attachment":"scroll","background-type":"","background-media":"","overlay-type":"","overlay-color":"","overlay-opacity":"","overlay-gradient":""},"tablet":{"background-color":"","background-image":"","background-repeat":"repeat","background-position":"center center","background-size":"auto","background-attachment":"scroll","background-type":"","background-media":"","overlay-type":"","overlay-color":"","overlay-opacity":"","overlay-gradient":""},"mobile":{"background-color":"","background-image":"","background-repeat":"repeat","background-position":"center center","background-size":"auto","background-attachment":"scroll","background-type":"","background-media":"","overlay-type":"","overlay-color":"","overlay-opacity":"","overlay-gradient":""}},"ast-content-background-meta":{"desktop":{"background-color":"var(--ast-global-color-5)","background-image":"","background-repeat":"repeat","background-position":"center center","background-size":"auto","background-attachment":"scroll","background-type":"","background-media":"","overlay-type":"","overlay-color":"","overlay-opacity":"","overlay-gradient":""},"tablet":{"background-color":"var(--ast-global-color-5)","background-image":"","background-repeat":"repeat","background-position":"center center","background-size":"auto","background-attachment":"scroll","background-type":"","background-media":"","overlay-type":"","overlay-color":"","overlay-opacity":"","overlay-gradient":""},"mobile":{"background-color":"var(--ast-global-color-5)","background-image":"","background-repeat":"repeat","background-position":"center center","background-size":"auto","background-attachment":"scroll","background-type":"","background-media":"","overlay-type":"","overlay-color":"","overlay-opacity":"","overlay-gradient":""}},"footnotes":""},"categories":[487],"tags":[820,810,729,735],"class_list":["post-20163","post","type-post","status-publish","format-standard","has-post-thumbnail","hentry","category-videos","tag-autohebdo-net","tag-autotrader-ca-fr","tag-carology-fr","tag-nouvelles-de-lindustrie"],"acf":[],"yoast_head":"<!-- This site is optimized with the Yoast SEO plugin v27.3 - https:\/\/yoast.com\/product\/yoast-seo-wordpress\/ -->\n<title>AutoHebdo Carology Miniclip : Le point sur le march\u00e9 canadien de l\u2019automobile au T1 2026 | Soci\u00e9t\u00e9 TRADER<\/title>\n<meta name=\"robots\" content=\"index, follow, max-snippet:-1, max-image-preview:large, max-video-preview:-1\" \/>\n<link rel=\"canonical\" href=\"https:\/\/go.trader.ca\/fr\/miniclip-autohebdo-carology-le-point-sur-le-marche-canadien-de-lautomobile-au-t1-2026\/\" \/>\n<meta property=\"og:locale\" content=\"fr_FR\" \/>\n<meta property=\"og:type\" content=\"article\" \/>\n<meta property=\"og:title\" content=\"AutoHebdo Carology Miniclip : Le point sur le march\u00e9 canadien de l\u2019automobile au T1 2026 | Soci\u00e9t\u00e9 TRADER\" \/>\n<meta property=\"og:description\" content=\"[vc_row][vc_column][vc_column_text css=\u00a0\u00bb\u00a0\u00bb]Nous avons re\u00e7u Baris Akyurek, vice-pr\u00e9sident, analyse et veille concurrentielle chez AutoHebdo, pour qu\u2019il nous parle de la performance du march\u00e9 canadien de l&rsquo;automobile en 2025 et de ce \u00e0 quoi on peut s\u2019attendre en ce d\u00e9but d\u2019ann\u00e9e. Ne manquez pas le dernier miniclip AutoHebdo Carology pour tout savoir sur la tendance des inventaires\" \/>\n<meta property=\"og:url\" content=\"https:\/\/go.trader.ca\/fr\/miniclip-autohebdo-carology-le-point-sur-le-marche-canadien-de-lautomobile-au-t1-2026\/\" \/>\n<meta property=\"og:site_name\" content=\"TRADER\" \/>\n<meta property=\"article:published_time\" content=\"2026-04-02T17:08:19+00:00\" \/>\n<meta property=\"og:image\" content=\"https:\/\/go.trader.ca\/wp-content\/uploads\/2026\/04\/Carology-Bitesize-Q1-Update-2026-Thumbnail-FR.png\" \/>\n\t<meta property=\"og:image:width\" content=\"1920\" \/>\n\t<meta property=\"og:image:height\" content=\"1080\" \/>\n\t<meta property=\"og:image:type\" content=\"image\/png\" \/>\n<meta name=\"author\" content=\"Sabrina Bond\" \/>\n<meta name=\"twitter:card\" content=\"summary_large_image\" \/>\n<meta name=\"twitter:label1\" content=\"\u00c9crit par\" \/>\n\t<meta name=\"twitter:data1\" content=\"Sabrina Bond\" \/>\n\t<meta name=\"twitter:label2\" content=\"Dur\u00e9e de lecture estim\u00e9e\" \/>\n\t<meta name=\"twitter:data2\" content=\"1 minute\" \/>\n<script type=\"application\/ld+json\" class=\"yoast-schema-graph\">{\"@context\":\"https:\\\/\\\/schema.org\",\"@graph\":[{\"@type\":\"Article\",\"@id\":\"https:\\\/\\\/go.trader.ca\\\/fr\\\/miniclip-autohebdo-carology-le-point-sur-le-marche-canadien-de-lautomobile-au-t1-2026\\\/#article\",\"isPartOf\":{\"@id\":\"https:\\\/\\\/go.trader.ca\\\/fr\\\/miniclip-autohebdo-carology-le-point-sur-le-marche-canadien-de-lautomobile-au-t1-2026\\\/\"},\"author\":{\"name\":\"Sabrina Bond\",\"@id\":\"https:\\\/\\\/go.trader.ca\\\/#\\\/schema\\\/person\\\/b65ded53bd47f9c77c4fb708d8f3ad31\"},\"headline\":\"AutoHebdo Carology Miniclip : Le point sur le march\u00e9 canadien de l\u2019automobile au T1 2026\",\"datePublished\":\"2026-04-02T17:08:19+00:00\",\"mainEntityOfPage\":{\"@id\":\"https:\\\/\\\/go.trader.ca\\\/fr\\\/miniclip-autohebdo-carology-le-point-sur-le-marche-canadien-de-lautomobile-au-t1-2026\\\/\"},\"wordCount\":131,\"commentCount\":0,\"publisher\":{\"@id\":\"https:\\\/\\\/go.trader.ca\\\/#organization\"},\"image\":{\"@id\":\"https:\\\/\\\/go.trader.ca\\\/fr\\\/miniclip-autohebdo-carology-le-point-sur-le-marche-canadien-de-lautomobile-au-t1-2026\\\/#primaryimage\"},\"thumbnailUrl\":\"https:\\\/\\\/go.trader.ca\\\/wp-content\\\/uploads\\\/2026\\\/04\\\/Carology-Bitesize-Q1-Update-2026-Thumbnail-FR.png\",\"keywords\":[\"AutoHebdo.net\",\"AutoTrader.ca\",\"Carology\",\"Nouvelles de l\u2019industrie\"],\"articleSection\":[\"Vid\u00e9os\"],\"inLanguage\":\"fr-FR\",\"potentialAction\":[{\"@type\":\"CommentAction\",\"name\":\"Comment\",\"target\":[\"https:\\\/\\\/go.trader.ca\\\/fr\\\/miniclip-autohebdo-carology-le-point-sur-le-marche-canadien-de-lautomobile-au-t1-2026\\\/#respond\"]}]},{\"@type\":\"WebPage\",\"@id\":\"https:\\\/\\\/go.trader.ca\\\/fr\\\/miniclip-autohebdo-carology-le-point-sur-le-marche-canadien-de-lautomobile-au-t1-2026\\\/\",\"url\":\"https:\\\/\\\/go.trader.ca\\\/fr\\\/miniclip-autohebdo-carology-le-point-sur-le-marche-canadien-de-lautomobile-au-t1-2026\\\/\",\"name\":\"AutoHebdo Carology Miniclip : Le point sur le march\u00e9 canadien de l\u2019automobile au T1 2026 | Soci\u00e9t\u00e9 TRADER\",\"isPartOf\":{\"@id\":\"https:\\\/\\\/go.trader.ca\\\/#website\"},\"primaryImageOfPage\":{\"@id\":\"https:\\\/\\\/go.trader.ca\\\/fr\\\/miniclip-autohebdo-carology-le-point-sur-le-marche-canadien-de-lautomobile-au-t1-2026\\\/#primaryimage\"},\"image\":{\"@id\":\"https:\\\/\\\/go.trader.ca\\\/fr\\\/miniclip-autohebdo-carology-le-point-sur-le-marche-canadien-de-lautomobile-au-t1-2026\\\/#primaryimage\"},\"thumbnailUrl\":\"https:\\\/\\\/go.trader.ca\\\/wp-content\\\/uploads\\\/2026\\\/04\\\/Carology-Bitesize-Q1-Update-2026-Thumbnail-FR.png\",\"datePublished\":\"2026-04-02T17:08:19+00:00\",\"breadcrumb\":{\"@id\":\"https:\\\/\\\/go.trader.ca\\\/fr\\\/miniclip-autohebdo-carology-le-point-sur-le-marche-canadien-de-lautomobile-au-t1-2026\\\/#breadcrumb\"},\"inLanguage\":\"fr-FR\",\"potentialAction\":[{\"@type\":\"ReadAction\",\"target\":[\"https:\\\/\\\/go.trader.ca\\\/fr\\\/miniclip-autohebdo-carology-le-point-sur-le-marche-canadien-de-lautomobile-au-t1-2026\\\/\"]}]},{\"@type\":\"ImageObject\",\"inLanguage\":\"fr-FR\",\"@id\":\"https:\\\/\\\/go.trader.ca\\\/fr\\\/miniclip-autohebdo-carology-le-point-sur-le-marche-canadien-de-lautomobile-au-t1-2026\\\/#primaryimage\",\"url\":\"https:\\\/\\\/go.trader.ca\\\/wp-content\\\/uploads\\\/2026\\\/04\\\/Carology-Bitesize-Q1-Update-2026-Thumbnail-FR.png\",\"contentUrl\":\"https:\\\/\\\/go.trader.ca\\\/wp-content\\\/uploads\\\/2026\\\/04\\\/Carology-Bitesize-Q1-Update-2026-Thumbnail-FR.png\",\"width\":1920,\"height\":1080},{\"@type\":\"BreadcrumbList\",\"@id\":\"https:\\\/\\\/go.trader.ca\\\/fr\\\/miniclip-autohebdo-carology-le-point-sur-le-marche-canadien-de-lautomobile-au-t1-2026\\\/#breadcrumb\",\"itemListElement\":[{\"@type\":\"ListItem\",\"position\":1,\"name\":\"Home\",\"item\":\"https:\\\/\\\/go.trader.ca\\\/fr\\\/\"},{\"@type\":\"ListItem\",\"position\":2,\"name\":\"AutoHebdo Carology Miniclip : Le point sur le march\u00e9 canadien de l\u2019automobile au T1 2026\"}]},{\"@type\":\"WebSite\",\"@id\":\"https:\\\/\\\/go.trader.ca\\\/#website\",\"url\":\"https:\\\/\\\/go.trader.ca\\\/\",\"name\":\"AutoTrader.ca & AutoHebdo.net\",\"description\":\"La plus grande et r\u00e9put\u00e9e place d\u2019affaires automobile au Canada\",\"publisher\":{\"@id\":\"https:\\\/\\\/go.trader.ca\\\/#organization\"},\"potentialAction\":[{\"@type\":\"SearchAction\",\"target\":{\"@type\":\"EntryPoint\",\"urlTemplate\":\"https:\\\/\\\/go.trader.ca\\\/?s={search_term_string}\"},\"query-input\":{\"@type\":\"PropertyValueSpecification\",\"valueRequired\":true,\"valueName\":\"search_term_string\"}}],\"inLanguage\":\"fr-FR\"},{\"@type\":\"Organization\",\"@id\":\"https:\\\/\\\/go.trader.ca\\\/#organization\",\"name\":\"AutoTrader.ca & AutoHebdo.net\",\"url\":\"https:\\\/\\\/go.trader.ca\\\/\",\"logo\":{\"@type\":\"ImageObject\",\"inLanguage\":\"fr-FR\",\"@id\":\"https:\\\/\\\/go.trader.ca\\\/#\\\/schema\\\/logo\\\/image\\\/\",\"url\":\"https:\\\/\\\/go.trader.ca\\\/wp-content\\\/uploads\\\/2024\\\/04\\\/Logo-AutoHebdo-FR.png\",\"contentUrl\":\"https:\\\/\\\/go.trader.ca\\\/wp-content\\\/uploads\\\/2024\\\/04\\\/Logo-AutoHebdo-FR.png\",\"width\":484,\"height\":52,\"caption\":\"AutoTrader.ca & AutoHebdo.net\"},\"image\":{\"@id\":\"https:\\\/\\\/go.trader.ca\\\/#\\\/schema\\\/logo\\\/image\\\/\"}},{\"@type\":\"Person\",\"@id\":\"https:\\\/\\\/go.trader.ca\\\/#\\\/schema\\\/person\\\/b65ded53bd47f9c77c4fb708d8f3ad31\",\"name\":\"Sabrina Bond\",\"image\":{\"@type\":\"ImageObject\",\"inLanguage\":\"fr-FR\",\"@id\":\"https:\\\/\\\/secure.gravatar.com\\\/avatar\\\/af9bf40fb4106c6dff9f558b3c836060c7103b0a22a5e7d4847e4a467a0b5cab?s=96&d=mm&r=g\",\"url\":\"https:\\\/\\\/secure.gravatar.com\\\/avatar\\\/af9bf40fb4106c6dff9f558b3c836060c7103b0a22a5e7d4847e4a467a0b5cab?s=96&d=mm&r=g\",\"contentUrl\":\"https:\\\/\\\/secure.gravatar.com\\\/avatar\\\/af9bf40fb4106c6dff9f558b3c836060c7103b0a22a5e7d4847e4a467a0b5cab?s=96&d=mm&r=g\",\"caption\":\"Sabrina Bond\"},\"description\":\"Description\",\"sameAs\":[\"http:\\\/\\\/go.trader.ca\"],\"url\":\"https:\\\/\\\/go.trader.ca\\\/fr\\\/author\\\/sabrina-bondautoscout24-com\\\/\"}]}<\/script>\n<!-- \/ Yoast SEO plugin. -->","yoast_head_json":{"title":"AutoHebdo Carology Miniclip : Le point sur le march\u00e9 canadien de l\u2019automobile au T1 2026 | Soci\u00e9t\u00e9 TRADER","robots":{"index":"index","follow":"follow","max-snippet":"max-snippet:-1","max-image-preview":"max-image-preview:large","max-video-preview":"max-video-preview:-1"},"canonical":"https:\/\/go.trader.ca\/fr\/miniclip-autohebdo-carology-le-point-sur-le-marche-canadien-de-lautomobile-au-t1-2026\/","og_locale":"fr_FR","og_type":"article","og_title":"AutoHebdo Carology Miniclip : Le point sur le march\u00e9 canadien de l\u2019automobile au T1 2026 | Soci\u00e9t\u00e9 TRADER","og_description":"[vc_row][vc_column][vc_column_text css=\u00a0\u00bb\u00a0\u00bb]Nous avons re\u00e7u Baris Akyurek, vice-pr\u00e9sident, analyse et veille concurrentielle chez AutoHebdo, pour qu\u2019il nous parle de la performance du march\u00e9 canadien de l&rsquo;automobile en 2025 et de ce \u00e0 quoi on peut s\u2019attendre en ce d\u00e9but d\u2019ann\u00e9e. Ne manquez pas le dernier miniclip AutoHebdo Carology pour tout savoir sur la tendance des inventaires","og_url":"https:\/\/go.trader.ca\/fr\/miniclip-autohebdo-carology-le-point-sur-le-marche-canadien-de-lautomobile-au-t1-2026\/","og_site_name":"TRADER","article_published_time":"2026-04-02T17:08:19+00:00","og_image":[{"width":1920,"height":1080,"url":"https:\/\/go.trader.ca\/wp-content\/uploads\/2026\/04\/Carology-Bitesize-Q1-Update-2026-Thumbnail-FR.png","type":"image\/png"}],"author":"Sabrina Bond","twitter_card":"summary_large_image","twitter_misc":{"\u00c9crit par":"Sabrina Bond","Dur\u00e9e de lecture estim\u00e9e":"1 minute"},"schema":{"@context":"https:\/\/schema.org","@graph":[{"@type":"Article","@id":"https:\/\/go.trader.ca\/fr\/miniclip-autohebdo-carology-le-point-sur-le-marche-canadien-de-lautomobile-au-t1-2026\/#article","isPartOf":{"@id":"https:\/\/go.trader.ca\/fr\/miniclip-autohebdo-carology-le-point-sur-le-marche-canadien-de-lautomobile-au-t1-2026\/"},"author":{"name":"Sabrina Bond","@id":"https:\/\/go.trader.ca\/#\/schema\/person\/b65ded53bd47f9c77c4fb708d8f3ad31"},"headline":"AutoHebdo Carology Miniclip : Le point sur le march\u00e9 canadien de l\u2019automobile au T1 2026","datePublished":"2026-04-02T17:08:19+00:00","mainEntityOfPage":{"@id":"https:\/\/go.trader.ca\/fr\/miniclip-autohebdo-carology-le-point-sur-le-marche-canadien-de-lautomobile-au-t1-2026\/"},"wordCount":131,"commentCount":0,"publisher":{"@id":"https:\/\/go.trader.ca\/#organization"},"image":{"@id":"https:\/\/go.trader.ca\/fr\/miniclip-autohebdo-carology-le-point-sur-le-marche-canadien-de-lautomobile-au-t1-2026\/#primaryimage"},"thumbnailUrl":"https:\/\/go.trader.ca\/wp-content\/uploads\/2026\/04\/Carology-Bitesize-Q1-Update-2026-Thumbnail-FR.png","keywords":["AutoHebdo.net","AutoTrader.ca","Carology","Nouvelles de l\u2019industrie"],"articleSection":["Vid\u00e9os"],"inLanguage":"fr-FR","potentialAction":[{"@type":"CommentAction","name":"Comment","target":["https:\/\/go.trader.ca\/fr\/miniclip-autohebdo-carology-le-point-sur-le-marche-canadien-de-lautomobile-au-t1-2026\/#respond"]}]},{"@type":"WebPage","@id":"https:\/\/go.trader.ca\/fr\/miniclip-autohebdo-carology-le-point-sur-le-marche-canadien-de-lautomobile-au-t1-2026\/","url":"https:\/\/go.trader.ca\/fr\/miniclip-autohebdo-carology-le-point-sur-le-marche-canadien-de-lautomobile-au-t1-2026\/","name":"AutoHebdo Carology Miniclip : Le point sur le march\u00e9 canadien de l\u2019automobile au T1 2026 | Soci\u00e9t\u00e9 TRADER","isPartOf":{"@id":"https:\/\/go.trader.ca\/#website"},"primaryImageOfPage":{"@id":"https:\/\/go.trader.ca\/fr\/miniclip-autohebdo-carology-le-point-sur-le-marche-canadien-de-lautomobile-au-t1-2026\/#primaryimage"},"image":{"@id":"https:\/\/go.trader.ca\/fr\/miniclip-autohebdo-carology-le-point-sur-le-marche-canadien-de-lautomobile-au-t1-2026\/#primaryimage"},"thumbnailUrl":"https:\/\/go.trader.ca\/wp-content\/uploads\/2026\/04\/Carology-Bitesize-Q1-Update-2026-Thumbnail-FR.png","datePublished":"2026-04-02T17:08:19+00:00","breadcrumb":{"@id":"https:\/\/go.trader.ca\/fr\/miniclip-autohebdo-carology-le-point-sur-le-marche-canadien-de-lautomobile-au-t1-2026\/#breadcrumb"},"inLanguage":"fr-FR","potentialAction":[{"@type":"ReadAction","target":["https:\/\/go.trader.ca\/fr\/miniclip-autohebdo-carology-le-point-sur-le-marche-canadien-de-lautomobile-au-t1-2026\/"]}]},{"@type":"ImageObject","inLanguage":"fr-FR","@id":"https:\/\/go.trader.ca\/fr\/miniclip-autohebdo-carology-le-point-sur-le-marche-canadien-de-lautomobile-au-t1-2026\/#primaryimage","url":"https:\/\/go.trader.ca\/wp-content\/uploads\/2026\/04\/Carology-Bitesize-Q1-Update-2026-Thumbnail-FR.png","contentUrl":"https:\/\/go.trader.ca\/wp-content\/uploads\/2026\/04\/Carology-Bitesize-Q1-Update-2026-Thumbnail-FR.png","width":1920,"height":1080},{"@type":"BreadcrumbList","@id":"https:\/\/go.trader.ca\/fr\/miniclip-autohebdo-carology-le-point-sur-le-marche-canadien-de-lautomobile-au-t1-2026\/#breadcrumb","itemListElement":[{"@type":"ListItem","position":1,"name":"Home","item":"https:\/\/go.trader.ca\/fr\/"},{"@type":"ListItem","position":2,"name":"AutoHebdo Carology Miniclip : Le point sur le march\u00e9 canadien de l\u2019automobile au T1 2026"}]},{"@type":"WebSite","@id":"https:\/\/go.trader.ca\/#website","url":"https:\/\/go.trader.ca\/","name":"AutoTrader.ca & AutoHebdo.net","description":"La plus grande et r\u00e9put\u00e9e place d\u2019affaires automobile au Canada","publisher":{"@id":"https:\/\/go.trader.ca\/#organization"},"potentialAction":[{"@type":"SearchAction","target":{"@type":"EntryPoint","urlTemplate":"https:\/\/go.trader.ca\/?s={search_term_string}"},"query-input":{"@type":"PropertyValueSpecification","valueRequired":true,"valueName":"search_term_string"}}],"inLanguage":"fr-FR"},{"@type":"Organization","@id":"https:\/\/go.trader.ca\/#organization","name":"AutoTrader.ca & AutoHebdo.net","url":"https:\/\/go.trader.ca\/","logo":{"@type":"ImageObject","inLanguage":"fr-FR","@id":"https:\/\/go.trader.ca\/#\/schema\/logo\/image\/","url":"https:\/\/go.trader.ca\/wp-content\/uploads\/2024\/04\/Logo-AutoHebdo-FR.png","contentUrl":"https:\/\/go.trader.ca\/wp-content\/uploads\/2024\/04\/Logo-AutoHebdo-FR.png","width":484,"height":52,"caption":"AutoTrader.ca & AutoHebdo.net"},"image":{"@id":"https:\/\/go.trader.ca\/#\/schema\/logo\/image\/"}},{"@type":"Person","@id":"https:\/\/go.trader.ca\/#\/schema\/person\/b65ded53bd47f9c77c4fb708d8f3ad31","name":"Sabrina Bond","image":{"@type":"ImageObject","inLanguage":"fr-FR","@id":"https:\/\/secure.gravatar.com\/avatar\/af9bf40fb4106c6dff9f558b3c836060c7103b0a22a5e7d4847e4a467a0b5cab?s=96&d=mm&r=g","url":"https:\/\/secure.gravatar.com\/avatar\/af9bf40fb4106c6dff9f558b3c836060c7103b0a22a5e7d4847e4a467a0b5cab?s=96&d=mm&r=g","contentUrl":"https:\/\/secure.gravatar.com\/avatar\/af9bf40fb4106c6dff9f558b3c836060c7103b0a22a5e7d4847e4a467a0b5cab?s=96&d=mm&r=g","caption":"Sabrina Bond"},"description":"Description","sameAs":["http:\/\/go.trader.ca"],"url":"https:\/\/go.trader.ca\/fr\/author\/sabrina-bondautoscout24-com\/"}]}},"_links":{"self":[{"href":"https:\/\/go.trader.ca\/fr\/wp-json\/wp\/v2\/posts\/20163","targetHints":{"allow":["GET"]}}],"collection":[{"href":"https:\/\/go.trader.ca\/fr\/wp-json\/wp\/v2\/posts"}],"about":[{"href":"https:\/\/go.trader.ca\/fr\/wp-json\/wp\/v2\/types\/post"}],"author":[{"embeddable":true,"href":"https:\/\/go.trader.ca\/fr\/wp-json\/wp\/v2\/users\/35"}],"replies":[{"embeddable":true,"href":"https:\/\/go.trader.ca\/fr\/wp-json\/wp\/v2\/comments?post=20163"}],"version-history":[{"count":0,"href":"https:\/\/go.trader.ca\/fr\/wp-json\/wp\/v2\/posts\/20163\/revisions"}],"wp:featuredmedia":[{"embeddable":true,"href":"https:\/\/go.trader.ca\/fr\/wp-json\/wp\/v2\/media\/20192"}],"wp:attachment":[{"href":"https:\/\/go.trader.ca\/fr\/wp-json\/wp\/v2\/media?parent=20163"}],"wp:term":[{"taxonomy":"category","embeddable":true,"href":"https:\/\/go.trader.ca\/fr\/wp-json\/wp\/v2\/categories?post=20163"},{"taxonomy":"post_tag","embeddable":true,"href":"https:\/\/go.trader.ca\/fr\/wp-json\/wp\/v2\/tags?post=20163"}],"curies":[{"name":"wp","href":"https:\/\/api.w.org\/{rel}","templated":true}]}}