{"id":14166,"date":"2025-12-09T10:21:15","date_gmt":"2025-12-09T15:21:15","guid":{"rendered":"https:\/\/go.trader.ca\/?p=14166"},"modified":"2025-12-10T13:28:22","modified_gmt":"2025-12-10T18:28:22","slug":"labordabilite-critere-numero-1-des-acheteurs-canadiens-en-2025","status":"publish","type":"post","link":"https:\/\/go.trader.ca\/fr\/labordabilite-critere-numero-1-des-acheteurs-canadiens-en-2025\/","title":{"rendered":"L&rsquo;abordabilit\u00e9: crit\u00e8re num\u00e9ro 1 des acheteurs canadiens en 2025"},"content":{"rendered":"<div class=\"wpb-content-wrapper\"><p>[vc_row gap=\u00a0\u00bb30&Prime; equal_height=\u00a0\u00bbyes\u00a0\u00bb content_placement=\u00a0\u00bbmiddle\u00a0\u00bb][vc_column width=\u00a0\u00bb1\/2&Prime;][vc_column_text]<\/p>\n<h2>Selon les donn\u00e9es d&rsquo;AutoHebdo sur les v\u00e9hicules les plus recherch\u00e9s de 2025, les Canadiens pr\u00e9f\u00e8rent les v\u00e9hicules pratiques et \u00e9conomiques aux mod\u00e8les de luxe<\/h2>\n<p>[\/vc_column_text][vc_empty_space height=\u00a0\u00bb30px\u00a0\u00bb][vc_column_text]Les toutes derni\u00e8res donn\u00e9es publi\u00e9es aujourd&rsquo;hui par AutoHebdo, la place d&rsquo;affaires automobile en ligne la plus vaste et la plus r\u00e9put\u00e9e au Canada, r\u00e9v\u00e8lent la pr\u00e9f\u00e9rence des Canadiens pour l&rsquo;abordabilit\u00e9 sur le luxe, un revirement certainement d\u00fb \u00e0 la conjoncture \u00e9conomique. Les v\u00e9hicules les plus recherch\u00e9s et les plus vendus sur AutoHebdo.net r\u00e9v\u00e8lent une tendance qui se maintient depuis le d\u00e9but de 2025: les v\u00e9hicules pratiques et utilitaires restent les plus pris\u00e9s, et nombreux sont les acheteurs qui se tournent vers des mod\u00e8les \u00e9conomiques \u00e0 conduire au quotidien plut\u00f4t que vers des marques de luxe.<\/p>\n<p>La hausse des taux d&rsquo;int\u00e9r\u00eat, la fluctuation des prix, les retards de cha\u00eene d&rsquo;approvisionnement et les nouveaux droits de douane \u00e0 l&rsquo;\u00e9chelle mondiale exercent une pression sur le march\u00e9 automobile et jettent un certain froid. C&rsquo;est tr\u00e8s certainement ce qui explique le d\u00e9clin de l&rsquo;int\u00e9r\u00eat pour les mod\u00e8les de luxe dans les classements, le nombre de recherches de produits de luxe sur la place d&rsquo;affaires ayant chut\u00e9 de 11 % par rapport \u00e0 l&rsquo;an dernier.<\/p>\n<p>\u00c7a ne se d\u00e9ment pas, les Canadiens pr\u00e9f\u00e8rent les mod\u00e8les les plus pratiques comme le Ford F-150, le Toyota RAV4 et la Honda Civic, qui arrivent en t\u00eate des v\u00e9hicules les plus recherch\u00e9s. Le classement des v\u00e9hicules les plus vendus suit la m\u00eame tendance avec en t\u00eate le Ford F-150, le Toyota RAV4 et le Honda CR-V.<\/p>\n<p>Si les moteurs de recherche r\u00e9v\u00e8lent que les v\u00e9hicules de performance et de prestige comme le Ford Mustang, la Chevrolet Corvette et la Porsche 911 continuent de susciter beaucoup d&rsquo;int\u00e9r\u00eat, les ventes ne se mat\u00e9rialisent pas. Aucun mod\u00e8le de luxe n&rsquo;a su se hisser au classement des v\u00e9hicules les plus vendus, les marques populaires et les segments pratiques tels que les VUS et les camions dominant concr\u00e8tement les d\u00e9cisions d&rsquo;achat des Canadiens.<\/p>\n<p>Sauf quelques changements mineurs, les deux palmar\u00e8s n&rsquo;ont pas vraiment chang\u00e9 depuis 2024, ce qui confirme et explique la pr\u00e9f\u00e9rence des Canadiens pour des v\u00e9hicules pratiques et abordables.<\/p>\n<p>\u00ab En analysant les millions de recherches et d&rsquo;annonces qui transitent chaque ann\u00e9e sur la place d&rsquo;affaires, nous sommes \u00e0 m\u00eame de d\u00e9gager les tendances qui d\u00e9finiront l&rsquo;achat automobile au Canada \u00bb, explique Thomas Krau\u00dfe, chef du marketing chez AutoHebdo. \u00ab Apr\u00e8s une ann\u00e9e pleine de rebondissements sur le march\u00e9 automobile canadien, il n&rsquo;est pas surprenant que l&rsquo;abordabilit\u00e9 soit en t\u00eate des pr\u00e9occupations des acheteurs. M\u00eame s&rsquo;ils s&rsquo;attardent sur des mod\u00e8les de r\u00eave durant leur magasinage, les r\u00e9alit\u00e9s financi\u00e8res les obligent \u00e0 faire un choix beaucoup plus pratique.[\/vc_column_text][vc_empty_space height=\u00a0\u00bb30px\u00a0\u00bb][\/vc_column][vc_column width=\u00a0\u00bb1\/2&Prime;][vc_single_image image=\u00a0\u00bb14153&Prime; img_size=\u00a0\u00bbfull\u00a0\u00bb alignment=\u00a0\u00bbcenter\u00a0\u00bb][vc_empty_space height=\u00a0\u00bb30px\u00a0\u00bb][\/vc_column][\/vc_row][vc_row gap=\u00a0\u00bb30&Prime; equal_height=\u00a0\u00bbyes\u00a0\u00bb content_placement=\u00a0\u00bbmiddle\u00a0\u00bb][vc_column width=\u00a0\u00bb1\/2&Prime;][vc_column_text]<\/p>\n<h2>Tendances automobiles<\/h2>\n<p>[\/vc_column_text][vc_empty_space height=\u00a0\u00bb20px\u00a0\u00bb][vc_column_text]La recherche d&rsquo;AutoHebdo cette ann\u00e9e s&rsquo;est pench\u00e9e sur la r\u00e9action des Canadiens face \u00e0 la conjoncture \u00e9conomique \u00e9pineuse actuelle. Principales observations:[\/vc_column_text][vc_empty_space height=\u00a0\u00bb30px\u00a0\u00bb][vc_column_text]<\/p>\n<h3>Les prix red\u00e9finissent les priorit\u00e9s<\/h3>\n<p>En 2025, l&rsquo;acheteur canadien naviguait un march\u00e9 automobile fa\u00e7onn\u00e9 par les droits de douane am\u00e9ricains, les droits r\u00e9ciproques du Canada et les fluctuations de disponibilit\u00e9 des v\u00e9hicules, tous des facteurs qui font pression sur les prix et le comportement des consommateurs. Malgr\u00e9 tout, depuis novembre 2025, les prix dans le neuf accusent un recul de pr\u00e8s de 3% par rapport \u00e0 2024 pour s&rsquo;\u00e9tablir \u00e0 63 665$ (en moyenne), ce qui semble indiquer une stabilisation des prix.<\/p>\n<p>Du c\u00f4t\u00e9 du march\u00e9 de l&rsquo;occasion, les prix demeurent \u00e9lev\u00e9s par rapport \u00e0 la p\u00e9riode pr\u00e9-pand\u00e9mique, avec une moyenne de 35 494$, une hausse de plus de 2% par rapport \u00e0 2024. Mais la tendance semble vouloir \u00eatre \u00e0 la stabilisation. Encourag\u00e9e par des droits de douane r\u00e9ciproques qui ralentissaient auparavant l&rsquo;exportation vers les \u00c9tats-Unis, la disponibilit\u00e9 des v\u00e9hicules s&rsquo;am\u00e9liore, ce qui diminue la pression sur les prix et contribue \u00e0 stabiliser le march\u00e9.<\/p>\n<h3>Les stocks se regarnissent, la pression sur les prix se rel\u00e2che<\/h3>\n<p>L&rsquo;acheteur canadien voit bien que l&rsquo;am\u00e9lioration de la disponibilit\u00e9 et la stabilisation des prix lui profiteront. Les statistiques de notre place d&rsquo;affaires en ligne AutoHebdo.net affichent un stock de v\u00e9hicules neufs globalement satisfaisant. Bien que l&rsquo;offre nationale soit l\u00e9g\u00e8rement inf\u00e9rieure \u00e0 l&rsquo;an dernier, la disponibilit\u00e9 varie d&rsquo;une marque \u00e0 l&rsquo;autre, pouss\u00e9e par des facteurs tels que la demande, les droits de douane et le nombre limit\u00e9 d&rsquo;importations.<\/p>\n<p>Les stocks d&rsquo;occasion remontent, mais devraient mettre jusqu&rsquo;\u00e0 la moiti\u00e9 ou la fin de 2027 pour \u00eatre bien garnis. Les gains r\u00e9cents sont attribuables \u00e0 la hausse des ventes dans le neuf et au nombre d&rsquo;\u00e9changes, au ralentissement des exportations \u00e0 la suite des droits de douane, \u00e0 l&rsquo;affaiblissement de la demande, et au retour sur le march\u00e9 d&rsquo;un plus grand nombre de v\u00e9hicules neufs. Ces facteurs contribuent \u00e0 reconstituer les stocks, apr\u00e8s des ann\u00e9es de baisse de l&rsquo;offre et des retours de location. De plus, l&rsquo;am\u00e9lioration de la disponibilit\u00e9 dans le neuf comme dans l&rsquo;occasion a l&rsquo;avantage d&rsquo;augmenter le choix pour l&rsquo;acheteur, en plus d&rsquo;all\u00e9ger un peu la pression sur les prix, tous des effets d&rsquo;un march\u00e9 toujours en transition.[\/vc_column_text][vc_empty_space height=\u00a0\u00bb30px\u00a0\u00bb][\/vc_column][vc_column width=\u00a0\u00bb1\/2&Prime;][vc_single_image image=\u00a0\u00bb14171&Prime; img_size=\u00a0\u00bbfull\u00a0\u00bb alignment=\u00a0\u00bbcenter\u00a0\u00bb][vc_empty_space height=\u00a0\u00bb30px\u00a0\u00bb][\/vc_column][\/vc_row][vc_row gap=\u00a0\u00bb30&Prime; equal_height=\u00a0\u00bbyes\u00a0\u00bb content_placement=\u00a0\u00bbtop\u00a0\u00bb][vc_column][vc_column_text]<\/p>\n<h3>Droits de douane: les effets se font ressentir d&rsquo;abord dans l&rsquo;occasion<\/h3>\n<p>Selon les donn\u00e9es d&rsquo;AutoHebdo, l&rsquo;impact des droits de douane est plus significatif sur le march\u00e9 de l&rsquo;occasion que du neuf. Avec l&rsquo;annonce des droits de douane am\u00e9ricains, la crainte initiale du march\u00e9, qui pr\u00e9voyait une hausse drastique des prix, ne s&rsquo;est pas concr\u00e9tis\u00e9e dans le neuf. Ainsi, les niveaux d&rsquo;inventaire sont bons, ce qui contribue \u00e0 stabiliser les prix.<\/p>\n<p>Au contraire, \u00e0 cause d&rsquo;une offre restreinte dans un contexte de forte demande, le march\u00e9 de l&rsquo;occasion a \u00e9t\u00e9 le premier \u00e0 accuser l&rsquo;impact, un peu comme durant les probl\u00e8mes de cha\u00eene d&rsquo;approvisionnement de la p\u00e9riode pand\u00e9mique. En effet, sous l&rsquo;effet de l&rsquo;incertitude entourant le prix des v\u00e9hicules neufs, les consommateurs se tournent vers des mod\u00e8les d&rsquo;occasion, faisant s&rsquo;envoler les prix.<\/p>\n<p>De plus, les effets de la dynamique du march\u00e9 varient d&rsquo;un constructeur \u00e0 l&rsquo;autre. Ces variations, que ce soit dans les stocks, la demande ou les strat\u00e9gies de prix, cr\u00e9ent une dynamique un peu chaotique, ce qui montre bien l&rsquo;influence des constructeurs sur le march\u00e9 automobile.[\/vc_column_text][vc_empty_space height=\u00a0\u00bb30px\u00a0\u00bb][\/vc_column][\/vc_row][vc_row gap=\u00a0\u00bb30&Prime; equal_height=\u00a0\u00bbyes\u00a0\u00bb content_placement=\u00a0\u00bbtop\u00a0\u00bb][vc_column width=\u00a0\u00bb1\/2&Prime;][vc_single_image image=\u00a0\u00bb14167&Prime; img_size=\u00a0\u00bbfull\u00a0\u00bb alignment=\u00a0\u00bbcenter\u00a0\u00bb][vc_empty_space height=\u00a0\u00bb30px\u00a0\u00bb][\/vc_column][vc_column width=\u00a0\u00bb1\/2&Prime;][vc_column_text]<\/p>\n<h3>Perte de vitesse des V\u00c9 et r\u00e9organisation du secteur<\/h3>\n<p>En 2025, l&rsquo;int\u00e9r\u00eat des consommateurs pour les v\u00e9hicules \u00e9lectriques a connu un l\u00e9ger regain. Les V\u00c9 constituent 9% des recherches de v\u00e9hicules sur AutoHebdo, contre 8% en 2024. C&rsquo;est en Colombie-Britannique, au Qu\u00e9bec et en Ontario que l&rsquo;int\u00e9r\u00eat est le plus grand, tandis que l&rsquo;Alberta enregistre la plus forte hausse sur un an.<\/p>\n<p>Malgr\u00e9 la curiosit\u00e9 croissante, les ventes au Canada ne sont pas au rendez-vous. Pour la troisi\u00e8me ann\u00e9e cons\u00e9cutive, l&rsquo;int\u00e9r\u00eat g\u00e9n\u00e9ral pour les V\u00c9 d\u00e9cline, 42% des acheteurs se d\u00e9clarant pr\u00eats \u00e0 acheter un V\u00c9, contre 46% l&rsquo;an dernier et 56% en 2023.<\/p>\n<p>Depuis un an, l&rsquo;industrie du V\u00c9 accuse des coups: diminution des incitatifs, ralentissement des ventes, annulation du programme VZE, en plus de la tendance des constructeurs automobiles \u00e0 faire marche arri\u00e8re sur leur plan d&rsquo;\u00e9lectrification au profit de solutions moins drastiques telles que l&rsquo;hybride, l&rsquo;hybride rechargeable (PHEV), ou en \u00e9largissant l&rsquo;offre de mod\u00e8les \u00e0 essence.<\/p>\n<p>L&rsquo;hybride reste le segment le plus populaire, avec pr\u00e8s de trois acheteurs potentiels sur cinq (62%) qui d\u00e9clarent envisager l&rsquo;achat, alors que 60% d\u00e9clarent envisager l&rsquo;achat d&rsquo;une hybride rechargeable, et seulement 50% d&rsquo;int\u00e9r\u00eat pour les V\u00c9 \u00e0 batterie. De plus, les recherches d&rsquo;hybrides ont augment\u00e9 de 7% sur un an, signe que le consommateur souhaite profiter des avantages d&rsquo;un V\u00c9, mais sans sauter de plain-pied dans la technologie \u00e0 batterie. Ces fluctuations refl\u00e8tent un certain int\u00e9r\u00eat des consommateurs pour l&rsquo;\u00e9lectrique, mais un int\u00e9r\u00eat qui ne se fait pas sentir sur le march\u00e9.[\/vc_column_text][vc_empty_space height=\u00a0\u00bb30px\u00a0\u00bb][\/vc_column][\/vc_row][vc_row gap=\u00a0\u00bb30&Prime; equal_height=\u00a0\u00bbyes\u00a0\u00bb content_placement=\u00a0\u00bbmiddle\u00a0\u00bb][vc_column width=\u00a0\u00bb1\/2&Prime;][vc_column_text]<\/p>\n<h3>Le VUS: toujours le favori des Canadiens<\/h3>\n<p>Le segment VUS continue de gagner du terrain, avec 42% des recherches sur AutoHebdo.net, la part la plus \u00e9lev\u00e9e depuis trois ans. Ce segment repr\u00e9sente plus de la moiti\u00e9 des annonces de v\u00e9hicules d&rsquo;occasion (52%) et plus de 60% de l&rsquo;inventaire de v\u00e9hicules neufs sur le march\u00e9 (au T3 de 2025). Depuis longtemps, les Canadiens pr\u00e9f\u00e8rent les v\u00e9hicules spacieux, ce n&rsquo;est pas nouveau, mais la tendance se maintient ann\u00e9e apr\u00e8s ann\u00e9e.<\/p>\n<p>Tandis que le segment des v\u00e9hicules de promenade reste le plus populaire, avec 46% des recherches, soit une l\u00e9g\u00e8re baisse par rapport \u00e0 l&rsquo;an dernier. Les camions continuent de profiter d&rsquo;un bon \u00e9lan, avec les recherches en hausse de 5% depuis un an, c&rsquo;est-\u00e0-dire 10% de toutes les recherches. La minifourgonnette demeure une niche particuli\u00e8re, avec seulement 2% des recherches.<\/p>\n<h3>La technologie red\u00e9finit l&rsquo;innovation automobile<\/h3>\n<p>Les syst\u00e8mes d&rsquo;aide \u00e0 la conduite mains libres s&rsquo;imposent comme un moyen r\u00e9aliste de normaliser la conduite automatis\u00e9e gr\u00e2ce \u00e0 l&rsquo;\u00e9volution des technologies de surveillance \u00e0 bord. Les constructeurs se font une concurrence effr\u00e9n\u00e9e pour am\u00e9liorer la technologie de recharge, les infrastructures, les modules de commande centralis\u00e9e, la mise \u00e0 jour \u00e0 distance et la personnalisation assist\u00e9e par l&rsquo;intelligence artificielle, en plus des assistants virtuels \u00e0 commande vocale naturelle. Les projets d&rsquo;int\u00e9gration des v\u00e9hicules au r\u00e9seau (V2G) et des v\u00e9hicules \u00e0 la maison (V2H) vont aussi bon train.[\/vc_column_text][vc_empty_space height=\u00a0\u00bb30px\u00a0\u00bb][\/vc_column][vc_column width=\u00a0\u00bb1\/2&Prime;][vc_single_image image=\u00a0\u00bb14173&Prime; img_size=\u00a0\u00bbfull\u00a0\u00bb alignment=\u00a0\u00bbcenter\u00a0\u00bb][vc_empty_space height=\u00a0\u00bb30px\u00a0\u00bb][\/vc_column][\/vc_row][vc_row gap=\u00a0\u00bb30&Prime; equal_height=\u00a0\u00bbyes\u00a0\u00bb content_placement=\u00a0\u00bbtop\u00a0\u00bb][vc_column width=\u00a0\u00bb1\/2&Prime;][vc_single_image image=\u00a0\u00bb14169&Prime; img_size=\u00a0\u00bbfull\u00a0\u00bb alignment=\u00a0\u00bbcenter\u00a0\u00bb][vc_empty_space height=\u00a0\u00bb30px\u00a0\u00bb][\/vc_column][vc_column width=\u00a0\u00bb1\/2&Prime;][vc_column_text]<\/p>\n<h2>Analyse des recherches par province<\/h2>\n<p>[\/vc_column_text][vc_empty_space height=\u00a0\u00bb20px\u00a0\u00bb][vc_column_text]L&rsquo;analyse des statistiques du palmar\u00e8s des recherches sur AutoHebdo.net r\u00e9v\u00e8le les pr\u00e9f\u00e9rences r\u00e9gionales dans chaque march\u00e9.[\/vc_column_text][vc_empty_space height=\u00a0\u00bb30px\u00a0\u00bb][vc_column_text]<strong>Alors que s&rsquo;effrite l&rsquo;int\u00e9r\u00eat pour le luxe, la popularit\u00e9 des v\u00e9hicules de promenade en Ontario ne se d\u00e9ment pas<br \/>\n<\/strong>En effet, le classement des v\u00e9hicules les plus recherch\u00e9s de 2025 en Ontario continue d&rsquo;\u00eatre domin\u00e9 par la vie urbaine, la voiture de promenade repr\u00e9sentant 70% du Top 10 de la province. L&rsquo;int\u00e9r\u00eat pour les mod\u00e8les de luxe diminue, la BMW s\u00e9rie 3 est tomb\u00e9e de quatre places au classement cette ann\u00e9e, tandis que les mod\u00e8les performance comme la Chevrolet Corvette font une remont\u00e9e.<\/p>\n<p><strong>Les acheteurs de la Colombie-Britannique recherchent performance et efficacit\u00e9<br \/>\n<\/strong>L&rsquo;int\u00e9r\u00eat pour les v\u00e9hicules de luxe continue de s&rsquo;effriter en Colombie-Britannique: seulement deux mod\u00e8les de luxe se sont hiss\u00e9s sur la liste des v\u00e9hicules les plus recherch\u00e9s cette ann\u00e9e. Malgr\u00e9 la forte demande de VUS, la voiture repr\u00e9sente toujours 40% du Top 10, les mod\u00e8les performants comme la Chevrolet Corvette grimpent au classement, tandis que le Ford Mustang recule. Avec l&rsquo;arriv\u00e9e de mod\u00e8les tels que la Porsche Cayenne et la Toyota Tundra dans le classement, les acheteurs continuent de chercher l&rsquo;\u00e9quilibre entre leurs aspirations et leur budget.<\/p>\n<p><strong>Le Qu\u00e9bec mise sur l&rsquo;efficacit\u00e9, l&rsquo;\u00e9lectrification, ainsi que les v\u00e9hicules compacts et polyvalents<br \/>\n<\/strong>En 2025, les Qu\u00e9b\u00e9cois continuent de pr\u00e9f\u00e9rer les v\u00e9hicules efficaces, adapt\u00e9s \u00e0 la vie urbaine. Les voitures constituent la moiti\u00e9 des recherches les plus fr\u00e9quentes au Top 10 et les mod\u00e8les compacts habituels, tels que la Honda Civic et le Toyota RAV4, continuent d&rsquo;\u00eatre la pr\u00e9f\u00e9rence. L&rsquo;int\u00e9r\u00eat pour le luxe perd de la vitesse, tandis que la demande de v\u00e9hicules spacieux demeure forte, comme en t\u00e9moigne le grand nombre de VUS au palmar\u00e8s.[\/vc_column_text][vc_empty_space height=\u00a0\u00bb30px\u00a0\u00bb][\/vc_column][\/vc_row][vc_row gap=\u00a0\u00bb30&Prime; equal_height=\u00a0\u00bbyes\u00a0\u00bb content_placement=\u00a0\u00bbtop\u00a0\u00bb][vc_column][vc_column_text]<strong>Sans surprise, la Saskatchewan continue de privil\u00e9gier le camion, mais aussi de plus en plus le VUS<br \/>\n<\/strong>Le palmar\u00e8s des v\u00e9hicules les plus recherch\u00e9s en Saskatchewan confirme le parti pris de la province pour les camions, qui constituent la moiti\u00e9 du palmar\u00e8s et la majorit\u00e9 des recherches. Les v\u00e9hicules moins imposants sont presque disparus de la t\u00eate du classement. L&rsquo;arriv\u00e9e de la Honda CR-V confirme la tendance g\u00e9n\u00e9rale dans les Prairies \u00e0 pr\u00e9f\u00e9rer des v\u00e9hicules imposants, adapt\u00e9s aux familles.<\/p>\n<p><strong>L&rsquo;Alberta continue de miser sur la puissance, la fonctionnalit\u00e9 et la performance<br \/>\n<\/strong>En effet, les Albertains continuent de pr\u00e9f\u00e9rer les camions et les voitures, chacun repr\u00e9sentant 40% du Top 10. Les camions demeurent les favoris, avec en t\u00eate des mod\u00e8les incontournables comme le Ford F-150 et le Toyota Tacoma, confirmant l&rsquo;int\u00e9r\u00eat des acheteurs pour la fonctionnalit\u00e9, la capacit\u00e9 de remorquage et la durabilit\u00e9. Si l&rsquo;int\u00e9r\u00eat pour les voitures de luxe s&rsquo;essouffle, la performance a fait un bond: la Chevrolet Corvette fait une remont\u00e9e spectaculaire de dix places, r\u00e9int\u00e9grant le palmar\u00e8s pour la premi\u00e8re fois depuis 2021.<\/p>\n<p><strong>Le Manitoba continue de pr\u00e9f\u00e9rer le VUS, l&rsquo;int\u00e9r\u00eat pour les camions demeure stable<br \/>\n<\/strong>En effet, la situation au Manitoba est assez \u00e9quilibr\u00e9e, camions et voitures repr\u00e9sentant chacun pr\u00e8s du tiers du palmar\u00e8s des v\u00e9hicules les plus recherch\u00e9s, tandis que le VUS continue de r\u00e9gner en ma\u00eetre cette ann\u00e9e. La province surpasse les Prairies pour les parts de march\u00e9 de VUS du palmar\u00e8s (quatre VUS), inspir\u00e9 par l&rsquo;int\u00e9r\u00eat grandissant pour les v\u00e9hicules multisegments. La pr\u00e9f\u00e9rence du Manitoba pour les camions ne se d\u00e9ment pas, comme l&rsquo;arriv\u00e9e du Dodge Ram 1500 au Top 10 le montre, mais les acheteurs consid\u00e8rent de plus en plus les v\u00e9hicules pratiques, spacieux et performants en toute saison.<\/p>\n<p><strong>Les acheteurs des maritimes privil\u00e9gient rapport qualit\u00e9-prix, fonctionnalit\u00e9 et fiabilit\u00e9 en toute saison<br \/>\n<\/strong>Les camions repr\u00e9sentent 40% du Top 10, les voitures et les VUS se partagent le 30% qui reste. Alors que baissent les prix dans le neuf, et m\u00eame si les strat\u00e9gies de recherche ont un peu chang\u00e9, les segments de valeur demeurent stables. En effet, la Honda Civic ne perd que deux places, le Ford Mustang en gagne trois et l&rsquo;arriv\u00e9e du Dodge Ram 1500 constitue une nouvelle option addictive pour une r\u00e9gion ayant un tel parti pris pour les camions performants. Les acheteurs des Maritimes continuent de vouloir des v\u00e9hicules durables et performants les quatre saisons, \u00e0 prix abordable.[\/vc_column_text][vc_empty_space height=\u00a0\u00bb30px\u00a0\u00bb][\/vc_column][\/vc_row][vc_row gap=\u00a0\u00bb30&Prime; equal_height=\u00a0\u00bbyes\u00a0\u00bb content_placement=\u00a0\u00bbmiddle\u00a0\u00bb parallax=\u00a0\u00bbcontent-moving\u00a0\u00bb css=\u00a0\u00bb.vc_custom_1765224220536{margin-right: 15px !important;margin-left: 15px !important;border-top-width: 1px !important;border-right-width: 1px !important;border-bottom-width: 1px !important;border-left-width: 1px !important;padding-top: 30px !important;padding-right: 30px !important;padding-bottom: 30px !important;padding-left: 30px !important;background-color: #f5faff !important;border-left-color: #b9dcff !important;border-left-style: solid !important;border-right-color: #b9dcff !important;border-right-style: solid !important;border-top-color: #b9dcff !important;border-top-style: solid !important;border-bottom-color: #b9dcff !important;border-bottom-style: solid !important;border-radius: 25px !important;}\u00a0\u00bb][vc_column width=\u00a0\u00bb1\/3&Prime;][vc_single_image image=\u00a0\u00bb14181&Prime; img_size=\u00a0\u00bbfull\u00a0\u00bb alignment=\u00a0\u00bbcenter\u00a0\u00bb onclick=\u00a0\u00bbcustom_link\u00a0\u00bb img_link_target=\u00a0\u00bb_blank\u00a0\u00bb link=\u00a0\u00bbhttps:\/\/go.trader.ca\/wp-content\/uploads\/2025\/12\/2025-Top-Searched-Vehicles-FR.pdf\u00a0\u00bb][\/vc_column][vc_column width=\u00a0\u00bb2\/3&Prime;][vc_column_text]<\/p>\n<h2>Infographie: Le top 10 des v\u00e9hicules 2025<\/h2>\n<p>[\/vc_column_text][vc_empty_space height=\u00a0\u00bb20px\u00a0\u00bb][vc_column_text]<span data-contrast=\"none\">T\u00e9l\u00e9chargez notre infographie d\u00e9taillant les v\u00e9hicules les plus recherch\u00e9s et les plus vendus au Canada en 2025<\/span>[\/vc_column_text][vc_empty_space height=\u00a0\u00bb20px\u00a0\u00bb][vc_btn title=\u00a0\u00bbT\u00e9l\u00e9chargez\u00a0\u00bb style=\u00a0\u00bbcustom\u00a0\u00bb custom_background=\u00a0\u00bb\u00a0\u00bb custom_text=\u00a0\u00bb#fcfcfc\u00a0\u00bb el_class=\u00a0\u00bbbutton-blue\u00a0\u00bb link=\u00a0\u00bburl:https%3A%2F%2Fgo.trader.ca%2Fwp-content%2Fuploads%2F2025%2F12%2F2025-Top-Searched-Vehicles-FR.pdf||target:%20_blank\u00a0\u00bb][\/vc_column][\/vc_row][vc_row][vc_column][vc_empty_space height=\u00a0\u00bb60px\u00a0\u00bb][vc_column_text]<b>M\u00e9thodologie<\/b><br \/>\nRapports d&rsquo;analyse fond\u00e9s sur les statistiques de recherche des utilisateurs canadiens sur AutoHebdo et sur le nombre d&rsquo;annonces retir\u00e9es \u00e0 la suite d&rsquo;une vente, entre le 1er janvier 2024 et le 24 octobre 2025. Les comparatifs annuels sont fond\u00e9s sur les donn\u00e9es comparables enregistr\u00e9es entre janvier 2024 et novembre 2025. AutoHebdo utilise le nombre de suppressions d&rsquo;annonces de son site comme facteur d&rsquo;approximation des ventes. AutoHebdo commande r\u00e9guli\u00e8rement des \u00e9tudes ind\u00e9pendantes pour suivre l&rsquo;\u00e9volution des habitudes et pr\u00e9f\u00e9rences d&rsquo;achat des Canadiens, tant aupr\u00e8s des acheteurs potentiels que des acheteurs r\u00e9cents.<\/p>\n<p><b>\u00c0 propos d&rsquo;AutoHebdo<\/b><br \/>\nAutoHebdo est la place d&rsquo;affaires automobile en ligne la plus vaste et r\u00e9put\u00e9e au Canada. Proposant le plus vaste inventaire de v\u00e9hicules neufs et d&rsquo;occasion au Canada, AutoHebdo.net aide des centaines de milliers de Canadiens \u00e0 se procurer un nouveau v\u00e9hicule chaque ann\u00e9e. La place d&rsquo;affaires en ligne AutoHebdo.net re\u00e7oit chaque mois plus de 26 millions de visites et l&rsquo;application AutoHebdo a \u00e9t\u00e9 t\u00e9l\u00e9charg\u00e9e par plus de 7 millions de Canadiens. Nos utilisateurs et visiteurs peuvent y acheter ou vendre une auto, un camion ou tout autre v\u00e9hicule rapidement, ais\u00e9ment et en toute confiance. Pour trouver leur v\u00e9hicule id\u00e9al, les acheteurs peuvent entrer plusieurs crit\u00e8res, comme la marque, le mod\u00e8le, la couleur et l&#8217;emplacement g\u00e9ographique. AutoHebdo.net est la destination de choix pour les passionn\u00e9s d&rsquo;auto, pour se tenir au fait des actualit\u00e9s de l&rsquo;industrie, conna\u00eetre l&rsquo;avis des experts, et \u00e9couter des balados et vid\u00e9os mis en ligne par des journalistes automobiles reconnus. Suivez AutoHebdo sur <a href=\"https:\/\/www.linkedin.com\/company\/autotraderca\/posts\/?feedView=all\" target=\"_blank\" rel=\"noopener\">LinkedIn<\/a>, <a href=\"https:\/\/www.facebook.com\/AutoTrader.ca\/\" target=\"_blank\" rel=\"noopener\">Facebook<\/a>, <a href=\"https:\/\/www.instagram.com\/autotrader_ca\/?hl=en\" target=\"_blank\" rel=\"noopener\">Instagram<\/a>, <a href=\"https:\/\/www.tiktok.com\/@autotraderca\" target=\"_blank\" rel=\"noopener\">TikTok<\/a> et <a href=\"https:\/\/www.youtube.com\/channel\/UC0NV63T5Uj_Gh8CoZ6UcIfQ\" target=\"_blank\" rel=\"noopener\">YouTube<\/a>.<\/p>\n<p><strong>Relations m\u00e9dias<\/strong><\/p>\n<p><strong>Carla Silvestrone<\/strong><br \/>\nE: carla.silvestrone [at] labourcreative.ca<br \/>\nP: 416.986.9835<\/p>\n<p><strong>Lauren Bell<\/strong><br \/>\nlauren.bell [at] labourcreative.ca<br \/>\nP: 613.922.7098[\/vc_column_text][vc_empty_space height=\u00a0\u00bb50px\u00a0\u00bb][\/vc_column][\/vc_row]<\/p>\n<\/div>","protected":false},"excerpt":{"rendered":"<p>[vc_row gap=\u00a0\u00bb30&Prime; equal_height=\u00a0\u00bbyes\u00a0\u00bb content_placement=\u00a0\u00bbmiddle\u00a0\u00bb][vc_column width=\u00a0\u00bb1\/2&Prime;][vc_column_text] Selon les donn\u00e9es d&rsquo;AutoHebdo sur les v\u00e9hicules les plus recherch\u00e9s de 2025, les Canadiens pr\u00e9f\u00e8rent les v\u00e9hicules pratiques et \u00e9conomiques aux mod\u00e8les de luxe [\/vc_column_text][vc_empty_space height=\u00a0\u00bb30px\u00a0\u00bb][vc_column_text]Les toutes derni\u00e8res donn\u00e9es publi\u00e9es aujourd&rsquo;hui par AutoHebdo, la place d&rsquo;affaires automobile en ligne la plus vaste et la plus r\u00e9put\u00e9e au Canada, r\u00e9v\u00e8lent la<\/p>\n","protected":false},"author":4,"featured_media":14185,"comment_status":"open","ping_status":"open","sticky":false,"template":"","format":"standard","meta":{"site-sidebar-layout":"default","site-content-layout":"","ast-site-content-layout":"default","site-content-style":"default","site-sidebar-style":"default","ast-global-header-display":"","ast-banner-title-visibility":"","ast-main-header-display":"","ast-hfb-above-header-display":"","ast-hfb-below-header-display":"","ast-hfb-mobile-header-display":"","site-post-title":"","ast-breadcrumbs-content":"","ast-featured-img":"","footer-sml-layout":"","ast-disable-related-posts":"","theme-transparent-header-meta":"default","adv-header-id-meta":"","stick-header-meta":"","header-above-stick-meta":"","header-main-stick-meta":"","header-below-stick-meta":"","astra-migrate-meta-layouts":"set","ast-page-background-enabled":"default","ast-page-background-meta":{"desktop":{"background-color":"var(--ast-global-color-4)","background-image":"","background-repeat":"repeat","background-position":"center center","background-size":"auto","background-attachment":"scroll","background-type":"","background-media":"","overlay-type":"","overlay-color":"","overlay-opacity":"","overlay-gradient":""},"tablet":{"background-color":"","background-image":"","background-repeat":"repeat","background-position":"center center","background-size":"auto","background-attachment":"scroll","background-type":"","background-media":"","overlay-type":"","overlay-color":"","overlay-opacity":"","overlay-gradient":""},"mobile":{"background-color":"","background-image":"","background-repeat":"repeat","background-position":"center center","background-size":"auto","background-attachment":"scroll","background-type":"","background-media":"","overlay-type":"","overlay-color":"","overlay-opacity":"","overlay-gradient":""}},"ast-content-background-meta":{"desktop":{"background-color":"var(--ast-global-color-5)","background-image":"","background-repeat":"repeat","background-position":"center center","background-size":"auto","background-attachment":"scroll","background-type":"","background-media":"","overlay-type":"","overlay-color":"","overlay-opacity":"","overlay-gradient":""},"tablet":{"background-color":"var(--ast-global-color-5)","background-image":"","background-repeat":"repeat","background-position":"center center","background-size":"auto","background-attachment":"scroll","background-type":"","background-media":"","overlay-type":"","overlay-color":"","overlay-opacity":"","overlay-gradient":""},"mobile":{"background-color":"var(--ast-global-color-5)","background-image":"","background-repeat":"repeat","background-position":"center center","background-size":"auto","background-attachment":"scroll","background-type":"","background-media":"","overlay-type":"","overlay-color":"","overlay-opacity":"","overlay-gradient":""}},"footnotes":""},"categories":[749,798],"tags":[811,727,739],"class_list":["post-14166","post","type-post","status-publish","format-standard","has-post-thumbnail","hentry","category-articles","category-consumer-insights-fr","tag-automotive-fr","tag-consommateurs","tag-etudes-de-marche"],"acf":[],"yoast_head":"<!-- This site is optimized with the Yoast SEO plugin v27.3 - https:\/\/yoast.com\/product\/yoast-seo-wordpress\/ -->\n<title>L&#039;abordabilit\u00e9: crit\u00e8re num\u00e9ro 1 des acheteurs canadiens en 2025 | Soci\u00e9t\u00e9 TRADER<\/title>\n<meta name=\"robots\" content=\"index, follow, max-snippet:-1, max-image-preview:large, max-video-preview:-1\" \/>\n<link rel=\"canonical\" href=\"https:\/\/go.trader.ca\/fr\/labordabilite-critere-numero-1-des-acheteurs-canadiens-en-2025\/\" \/>\n<meta property=\"og:locale\" content=\"fr_FR\" \/>\n<meta property=\"og:type\" content=\"article\" \/>\n<meta property=\"og:title\" content=\"L&#039;abordabilit\u00e9: crit\u00e8re num\u00e9ro 1 des acheteurs canadiens en 2025 | Soci\u00e9t\u00e9 TRADER\" \/>\n<meta property=\"og:description\" content=\"[vc_row gap=\u00a0\u00bb30&Prime; equal_height=\u00a0\u00bbyes\u00a0\u00bb content_placement=\u00a0\u00bbmiddle\u00a0\u00bb][vc_column width=\u00a0\u00bb1\/2&Prime;][vc_column_text] Selon les donn\u00e9es d&rsquo;AutoHebdo sur les v\u00e9hicules les plus recherch\u00e9s de 2025, les Canadiens pr\u00e9f\u00e8rent les v\u00e9hicules pratiques et \u00e9conomiques aux mod\u00e8les de luxe [\/vc_column_text][vc_empty_space height=\u00a0\u00bb30px\u00a0\u00bb][vc_column_text]Les toutes derni\u00e8res donn\u00e9es publi\u00e9es aujourd&rsquo;hui par AutoHebdo, la place d&rsquo;affaires automobile en ligne la plus vaste et la plus r\u00e9put\u00e9e au Canada, r\u00e9v\u00e8lent la\" \/>\n<meta property=\"og:url\" content=\"https:\/\/go.trader.ca\/fr\/labordabilite-critere-numero-1-des-acheteurs-canadiens-en-2025\/\" \/>\n<meta property=\"og:site_name\" content=\"TRADER\" \/>\n<meta property=\"article:published_time\" content=\"2025-12-09T15:21:15+00:00\" \/>\n<meta property=\"article:modified_time\" content=\"2025-12-10T18:28:22+00:00\" \/>\n<meta property=\"og:image\" content=\"https:\/\/go.trader.ca\/wp-content\/uploads\/2025\/12\/Page-Featured_Top-Sold-Vehicles-2025FR.jpg\" \/>\n\t<meta property=\"og:image:width\" content=\"500\" \/>\n\t<meta property=\"og:image:height\" content=\"324\" \/>\n\t<meta property=\"og:image:type\" content=\"image\/jpeg\" \/>\n<meta name=\"author\" content=\"Milan Brankovic\" \/>\n<meta name=\"twitter:card\" content=\"summary_large_image\" \/>\n<meta name=\"twitter:label1\" content=\"\u00c9crit par\" \/>\n\t<meta name=\"twitter:data1\" content=\"Milan Brankovic\" \/>\n\t<meta name=\"twitter:label2\" content=\"Dur\u00e9e de lecture estim\u00e9e\" \/>\n\t<meta name=\"twitter:data2\" content=\"12 minutes\" \/>\n<script type=\"application\/ld+json\" class=\"yoast-schema-graph\">{\"@context\":\"https:\\\/\\\/schema.org\",\"@graph\":[{\"@type\":\"Article\",\"@id\":\"https:\\\/\\\/go.trader.ca\\\/fr\\\/labordabilite-critere-numero-1-des-acheteurs-canadiens-en-2025\\\/#article\",\"isPartOf\":{\"@id\":\"https:\\\/\\\/go.trader.ca\\\/fr\\\/labordabilite-critere-numero-1-des-acheteurs-canadiens-en-2025\\\/\"},\"author\":{\"name\":\"Milan Brankovic\",\"@id\":\"https:\\\/\\\/go.trader.ca\\\/#\\\/schema\\\/person\\\/deb46c904a684d056b6eddd9fce98e8b\"},\"headline\":\"L&rsquo;abordabilit\u00e9: crit\u00e8re num\u00e9ro 1 des acheteurs canadiens en 2025\",\"datePublished\":\"2025-12-09T15:21:15+00:00\",\"dateModified\":\"2025-12-10T18:28:22+00:00\",\"mainEntityOfPage\":{\"@id\":\"https:\\\/\\\/go.trader.ca\\\/fr\\\/labordabilite-critere-numero-1-des-acheteurs-canadiens-en-2025\\\/\"},\"wordCount\":3364,\"commentCount\":0,\"publisher\":{\"@id\":\"https:\\\/\\\/go.trader.ca\\\/#organization\"},\"image\":{\"@id\":\"https:\\\/\\\/go.trader.ca\\\/fr\\\/labordabilite-critere-numero-1-des-acheteurs-canadiens-en-2025\\\/#primaryimage\"},\"thumbnailUrl\":\"https:\\\/\\\/go.trader.ca\\\/wp-content\\\/uploads\\\/2025\\\/12\\\/Page-Featured_Top-Sold-Vehicles-2025FR.jpg\",\"keywords\":[\"Automotive\",\"Consommateurs\",\"\u00c9tudes de march\u00e9\"],\"articleSection\":[\"Articles\",\"Consumer Insights\"],\"inLanguage\":\"fr-FR\",\"potentialAction\":[{\"@type\":\"CommentAction\",\"name\":\"Comment\",\"target\":[\"https:\\\/\\\/go.trader.ca\\\/fr\\\/labordabilite-critere-numero-1-des-acheteurs-canadiens-en-2025\\\/#respond\"]}]},{\"@type\":\"WebPage\",\"@id\":\"https:\\\/\\\/go.trader.ca\\\/fr\\\/labordabilite-critere-numero-1-des-acheteurs-canadiens-en-2025\\\/\",\"url\":\"https:\\\/\\\/go.trader.ca\\\/fr\\\/labordabilite-critere-numero-1-des-acheteurs-canadiens-en-2025\\\/\",\"name\":\"L'abordabilit\u00e9: crit\u00e8re num\u00e9ro 1 des acheteurs canadiens en 2025 | Soci\u00e9t\u00e9 TRADER\",\"isPartOf\":{\"@id\":\"https:\\\/\\\/go.trader.ca\\\/#website\"},\"primaryImageOfPage\":{\"@id\":\"https:\\\/\\\/go.trader.ca\\\/fr\\\/labordabilite-critere-numero-1-des-acheteurs-canadiens-en-2025\\\/#primaryimage\"},\"image\":{\"@id\":\"https:\\\/\\\/go.trader.ca\\\/fr\\\/labordabilite-critere-numero-1-des-acheteurs-canadiens-en-2025\\\/#primaryimage\"},\"thumbnailUrl\":\"https:\\\/\\\/go.trader.ca\\\/wp-content\\\/uploads\\\/2025\\\/12\\\/Page-Featured_Top-Sold-Vehicles-2025FR.jpg\",\"datePublished\":\"2025-12-09T15:21:15+00:00\",\"dateModified\":\"2025-12-10T18:28:22+00:00\",\"breadcrumb\":{\"@id\":\"https:\\\/\\\/go.trader.ca\\\/fr\\\/labordabilite-critere-numero-1-des-acheteurs-canadiens-en-2025\\\/#breadcrumb\"},\"inLanguage\":\"fr-FR\",\"potentialAction\":[{\"@type\":\"ReadAction\",\"target\":[\"https:\\\/\\\/go.trader.ca\\\/fr\\\/labordabilite-critere-numero-1-des-acheteurs-canadiens-en-2025\\\/\"]}]},{\"@type\":\"ImageObject\",\"inLanguage\":\"fr-FR\",\"@id\":\"https:\\\/\\\/go.trader.ca\\\/fr\\\/labordabilite-critere-numero-1-des-acheteurs-canadiens-en-2025\\\/#primaryimage\",\"url\":\"https:\\\/\\\/go.trader.ca\\\/wp-content\\\/uploads\\\/2025\\\/12\\\/Page-Featured_Top-Sold-Vehicles-2025FR.jpg\",\"contentUrl\":\"https:\\\/\\\/go.trader.ca\\\/wp-content\\\/uploads\\\/2025\\\/12\\\/Page-Featured_Top-Sold-Vehicles-2025FR.jpg\",\"width\":500,\"height\":324},{\"@type\":\"BreadcrumbList\",\"@id\":\"https:\\\/\\\/go.trader.ca\\\/fr\\\/labordabilite-critere-numero-1-des-acheteurs-canadiens-en-2025\\\/#breadcrumb\",\"itemListElement\":[{\"@type\":\"ListItem\",\"position\":1,\"name\":\"Home\",\"item\":\"https:\\\/\\\/go.trader.ca\\\/fr\\\/\"},{\"@type\":\"ListItem\",\"position\":2,\"name\":\"L&#8217;abordabilit\u00e9: crit\u00e8re num\u00e9ro 1 des acheteurs canadiens en 2025\"}]},{\"@type\":\"WebSite\",\"@id\":\"https:\\\/\\\/go.trader.ca\\\/#website\",\"url\":\"https:\\\/\\\/go.trader.ca\\\/\",\"name\":\"AutoTrader.ca & AutoHebdo.net\",\"description\":\"La plus grande et r\u00e9put\u00e9e place d\u2019affaires automobile au Canada\",\"publisher\":{\"@id\":\"https:\\\/\\\/go.trader.ca\\\/#organization\"},\"potentialAction\":[{\"@type\":\"SearchAction\",\"target\":{\"@type\":\"EntryPoint\",\"urlTemplate\":\"https:\\\/\\\/go.trader.ca\\\/?s={search_term_string}\"},\"query-input\":{\"@type\":\"PropertyValueSpecification\",\"valueRequired\":true,\"valueName\":\"search_term_string\"}}],\"inLanguage\":\"fr-FR\"},{\"@type\":\"Organization\",\"@id\":\"https:\\\/\\\/go.trader.ca\\\/#organization\",\"name\":\"AutoTrader.ca & AutoHebdo.net\",\"url\":\"https:\\\/\\\/go.trader.ca\\\/\",\"logo\":{\"@type\":\"ImageObject\",\"inLanguage\":\"fr-FR\",\"@id\":\"https:\\\/\\\/go.trader.ca\\\/#\\\/schema\\\/logo\\\/image\\\/\",\"url\":\"https:\\\/\\\/go.trader.ca\\\/wp-content\\\/uploads\\\/2024\\\/04\\\/Logo-AutoHebdo-FR.png\",\"contentUrl\":\"https:\\\/\\\/go.trader.ca\\\/wp-content\\\/uploads\\\/2024\\\/04\\\/Logo-AutoHebdo-FR.png\",\"width\":484,\"height\":52,\"caption\":\"AutoTrader.ca & AutoHebdo.net\"},\"image\":{\"@id\":\"https:\\\/\\\/go.trader.ca\\\/#\\\/schema\\\/logo\\\/image\\\/\"}},{\"@type\":\"Person\",\"@id\":\"https:\\\/\\\/go.trader.ca\\\/#\\\/schema\\\/person\\\/deb46c904a684d056b6eddd9fce98e8b\",\"name\":\"Milan Brankovic\",\"image\":{\"@type\":\"ImageObject\",\"inLanguage\":\"fr-FR\",\"@id\":\"https:\\\/\\\/secure.gravatar.com\\\/avatar\\\/f9a878d6529c9541a16d4fc98ecbabd89e05e91219e805579dab059559f5f623?s=96&d=mm&r=g\",\"url\":\"https:\\\/\\\/secure.gravatar.com\\\/avatar\\\/f9a878d6529c9541a16d4fc98ecbabd89e05e91219e805579dab059559f5f623?s=96&d=mm&r=g\",\"contentUrl\":\"https:\\\/\\\/secure.gravatar.com\\\/avatar\\\/f9a878d6529c9541a16d4fc98ecbabd89e05e91219e805579dab059559f5f623?s=96&d=mm&r=g\",\"caption\":\"Milan Brankovic\"},\"url\":\"https:\\\/\\\/go.trader.ca\\\/fr\\\/author\\\/milan-brankovictrader-ca\\\/\"}]}<\/script>\n<!-- \/ Yoast SEO plugin. -->","yoast_head_json":{"title":"L'abordabilit\u00e9: crit\u00e8re num\u00e9ro 1 des acheteurs canadiens en 2025 | Soci\u00e9t\u00e9 TRADER","robots":{"index":"index","follow":"follow","max-snippet":"max-snippet:-1","max-image-preview":"max-image-preview:large","max-video-preview":"max-video-preview:-1"},"canonical":"https:\/\/go.trader.ca\/fr\/labordabilite-critere-numero-1-des-acheteurs-canadiens-en-2025\/","og_locale":"fr_FR","og_type":"article","og_title":"L'abordabilit\u00e9: crit\u00e8re num\u00e9ro 1 des acheteurs canadiens en 2025 | Soci\u00e9t\u00e9 TRADER","og_description":"[vc_row gap=\u00a0\u00bb30&Prime; equal_height=\u00a0\u00bbyes\u00a0\u00bb content_placement=\u00a0\u00bbmiddle\u00a0\u00bb][vc_column width=\u00a0\u00bb1\/2&Prime;][vc_column_text] Selon les donn\u00e9es d&rsquo;AutoHebdo sur les v\u00e9hicules les plus recherch\u00e9s de 2025, les Canadiens pr\u00e9f\u00e8rent les v\u00e9hicules pratiques et \u00e9conomiques aux mod\u00e8les de luxe [\/vc_column_text][vc_empty_space height=\u00a0\u00bb30px\u00a0\u00bb][vc_column_text]Les toutes derni\u00e8res donn\u00e9es publi\u00e9es aujourd&rsquo;hui par AutoHebdo, la place d&rsquo;affaires automobile en ligne la plus vaste et la plus r\u00e9put\u00e9e au Canada, r\u00e9v\u00e8lent la","og_url":"https:\/\/go.trader.ca\/fr\/labordabilite-critere-numero-1-des-acheteurs-canadiens-en-2025\/","og_site_name":"TRADER","article_published_time":"2025-12-09T15:21:15+00:00","article_modified_time":"2025-12-10T18:28:22+00:00","og_image":[{"width":500,"height":324,"url":"https:\/\/go.trader.ca\/wp-content\/uploads\/2025\/12\/Page-Featured_Top-Sold-Vehicles-2025FR.jpg","type":"image\/jpeg"}],"author":"Milan Brankovic","twitter_card":"summary_large_image","twitter_misc":{"\u00c9crit par":"Milan Brankovic","Dur\u00e9e de lecture estim\u00e9e":"12 minutes"},"schema":{"@context":"https:\/\/schema.org","@graph":[{"@type":"Article","@id":"https:\/\/go.trader.ca\/fr\/labordabilite-critere-numero-1-des-acheteurs-canadiens-en-2025\/#article","isPartOf":{"@id":"https:\/\/go.trader.ca\/fr\/labordabilite-critere-numero-1-des-acheteurs-canadiens-en-2025\/"},"author":{"name":"Milan Brankovic","@id":"https:\/\/go.trader.ca\/#\/schema\/person\/deb46c904a684d056b6eddd9fce98e8b"},"headline":"L&rsquo;abordabilit\u00e9: crit\u00e8re num\u00e9ro 1 des acheteurs canadiens en 2025","datePublished":"2025-12-09T15:21:15+00:00","dateModified":"2025-12-10T18:28:22+00:00","mainEntityOfPage":{"@id":"https:\/\/go.trader.ca\/fr\/labordabilite-critere-numero-1-des-acheteurs-canadiens-en-2025\/"},"wordCount":3364,"commentCount":0,"publisher":{"@id":"https:\/\/go.trader.ca\/#organization"},"image":{"@id":"https:\/\/go.trader.ca\/fr\/labordabilite-critere-numero-1-des-acheteurs-canadiens-en-2025\/#primaryimage"},"thumbnailUrl":"https:\/\/go.trader.ca\/wp-content\/uploads\/2025\/12\/Page-Featured_Top-Sold-Vehicles-2025FR.jpg","keywords":["Automotive","Consommateurs","\u00c9tudes de march\u00e9"],"articleSection":["Articles","Consumer Insights"],"inLanguage":"fr-FR","potentialAction":[{"@type":"CommentAction","name":"Comment","target":["https:\/\/go.trader.ca\/fr\/labordabilite-critere-numero-1-des-acheteurs-canadiens-en-2025\/#respond"]}]},{"@type":"WebPage","@id":"https:\/\/go.trader.ca\/fr\/labordabilite-critere-numero-1-des-acheteurs-canadiens-en-2025\/","url":"https:\/\/go.trader.ca\/fr\/labordabilite-critere-numero-1-des-acheteurs-canadiens-en-2025\/","name":"L'abordabilit\u00e9: crit\u00e8re num\u00e9ro 1 des acheteurs canadiens en 2025 | Soci\u00e9t\u00e9 TRADER","isPartOf":{"@id":"https:\/\/go.trader.ca\/#website"},"primaryImageOfPage":{"@id":"https:\/\/go.trader.ca\/fr\/labordabilite-critere-numero-1-des-acheteurs-canadiens-en-2025\/#primaryimage"},"image":{"@id":"https:\/\/go.trader.ca\/fr\/labordabilite-critere-numero-1-des-acheteurs-canadiens-en-2025\/#primaryimage"},"thumbnailUrl":"https:\/\/go.trader.ca\/wp-content\/uploads\/2025\/12\/Page-Featured_Top-Sold-Vehicles-2025FR.jpg","datePublished":"2025-12-09T15:21:15+00:00","dateModified":"2025-12-10T18:28:22+00:00","breadcrumb":{"@id":"https:\/\/go.trader.ca\/fr\/labordabilite-critere-numero-1-des-acheteurs-canadiens-en-2025\/#breadcrumb"},"inLanguage":"fr-FR","potentialAction":[{"@type":"ReadAction","target":["https:\/\/go.trader.ca\/fr\/labordabilite-critere-numero-1-des-acheteurs-canadiens-en-2025\/"]}]},{"@type":"ImageObject","inLanguage":"fr-FR","@id":"https:\/\/go.trader.ca\/fr\/labordabilite-critere-numero-1-des-acheteurs-canadiens-en-2025\/#primaryimage","url":"https:\/\/go.trader.ca\/wp-content\/uploads\/2025\/12\/Page-Featured_Top-Sold-Vehicles-2025FR.jpg","contentUrl":"https:\/\/go.trader.ca\/wp-content\/uploads\/2025\/12\/Page-Featured_Top-Sold-Vehicles-2025FR.jpg","width":500,"height":324},{"@type":"BreadcrumbList","@id":"https:\/\/go.trader.ca\/fr\/labordabilite-critere-numero-1-des-acheteurs-canadiens-en-2025\/#breadcrumb","itemListElement":[{"@type":"ListItem","position":1,"name":"Home","item":"https:\/\/go.trader.ca\/fr\/"},{"@type":"ListItem","position":2,"name":"L&#8217;abordabilit\u00e9: crit\u00e8re num\u00e9ro 1 des acheteurs canadiens en 2025"}]},{"@type":"WebSite","@id":"https:\/\/go.trader.ca\/#website","url":"https:\/\/go.trader.ca\/","name":"AutoTrader.ca & AutoHebdo.net","description":"La plus grande et r\u00e9put\u00e9e place d\u2019affaires automobile au Canada","publisher":{"@id":"https:\/\/go.trader.ca\/#organization"},"potentialAction":[{"@type":"SearchAction","target":{"@type":"EntryPoint","urlTemplate":"https:\/\/go.trader.ca\/?s={search_term_string}"},"query-input":{"@type":"PropertyValueSpecification","valueRequired":true,"valueName":"search_term_string"}}],"inLanguage":"fr-FR"},{"@type":"Organization","@id":"https:\/\/go.trader.ca\/#organization","name":"AutoTrader.ca & AutoHebdo.net","url":"https:\/\/go.trader.ca\/","logo":{"@type":"ImageObject","inLanguage":"fr-FR","@id":"https:\/\/go.trader.ca\/#\/schema\/logo\/image\/","url":"https:\/\/go.trader.ca\/wp-content\/uploads\/2024\/04\/Logo-AutoHebdo-FR.png","contentUrl":"https:\/\/go.trader.ca\/wp-content\/uploads\/2024\/04\/Logo-AutoHebdo-FR.png","width":484,"height":52,"caption":"AutoTrader.ca & AutoHebdo.net"},"image":{"@id":"https:\/\/go.trader.ca\/#\/schema\/logo\/image\/"}},{"@type":"Person","@id":"https:\/\/go.trader.ca\/#\/schema\/person\/deb46c904a684d056b6eddd9fce98e8b","name":"Milan Brankovic","image":{"@type":"ImageObject","inLanguage":"fr-FR","@id":"https:\/\/secure.gravatar.com\/avatar\/f9a878d6529c9541a16d4fc98ecbabd89e05e91219e805579dab059559f5f623?s=96&d=mm&r=g","url":"https:\/\/secure.gravatar.com\/avatar\/f9a878d6529c9541a16d4fc98ecbabd89e05e91219e805579dab059559f5f623?s=96&d=mm&r=g","contentUrl":"https:\/\/secure.gravatar.com\/avatar\/f9a878d6529c9541a16d4fc98ecbabd89e05e91219e805579dab059559f5f623?s=96&d=mm&r=g","caption":"Milan Brankovic"},"url":"https:\/\/go.trader.ca\/fr\/author\/milan-brankovictrader-ca\/"}]}},"_links":{"self":[{"href":"https:\/\/go.trader.ca\/fr\/wp-json\/wp\/v2\/posts\/14166","targetHints":{"allow":["GET"]}}],"collection":[{"href":"https:\/\/go.trader.ca\/fr\/wp-json\/wp\/v2\/posts"}],"about":[{"href":"https:\/\/go.trader.ca\/fr\/wp-json\/wp\/v2\/types\/post"}],"author":[{"embeddable":true,"href":"https:\/\/go.trader.ca\/fr\/wp-json\/wp\/v2\/users\/4"}],"replies":[{"embeddable":true,"href":"https:\/\/go.trader.ca\/fr\/wp-json\/wp\/v2\/comments?post=14166"}],"version-history":[{"count":0,"href":"https:\/\/go.trader.ca\/fr\/wp-json\/wp\/v2\/posts\/14166\/revisions"}],"wp:featuredmedia":[{"embeddable":true,"href":"https:\/\/go.trader.ca\/fr\/wp-json\/wp\/v2\/media\/14185"}],"wp:attachment":[{"href":"https:\/\/go.trader.ca\/fr\/wp-json\/wp\/v2\/media?parent=14166"}],"wp:term":[{"taxonomy":"category","embeddable":true,"href":"https:\/\/go.trader.ca\/fr\/wp-json\/wp\/v2\/categories?post=14166"},{"taxonomy":"post_tag","embeddable":true,"href":"https:\/\/go.trader.ca\/fr\/wp-json\/wp\/v2\/tags?post=14166"}],"curies":[{"name":"wp","href":"https:\/\/api.w.org\/{rel}","templated":true}]}}