{"id":12414,"date":"2024-05-31T15:07:55","date_gmt":"2024-05-31T19:07:55","guid":{"rendered":"https:\/\/go.trader.ca\/?p=12414"},"modified":"2024-05-31T15:07:55","modified_gmt":"2024-05-31T19:07:55","slug":"rapport-detude-de-consommation-une-etude-autohebdo-revele-un-coup-de-frein-des-ardeurs-envers-les-ve","status":"publish","type":"post","link":"https:\/\/go.trader.ca\/fr\/rapport-detude-de-consommation-une-etude-autohebdo-revele-un-coup-de-frein-des-ardeurs-envers-les-ve\/","title":{"rendered":"Rapport d\u2019\u00e9tude de consommation\u202f: Une \u00e9tude AutoHebdo r\u00e9v\u00e8le un coup de frein des ardeurs envers les V\u00c9"},"content":{"rendered":"<div class=\"wpb-content-wrapper\"><p>[vc_row][vc_column width=\u00a0\u00bb1\/2&Prime;][vc_empty_space height=\u00a0\u00bb90px\u00a0\u00bb][vc_column_text]Alors que le niveau d\u2019int\u00e9r\u00eat et les pr\u00e9f\u00e9rences des consommateurs \u00e0 l\u2019\u00e9gard des v\u00e9hicules \u00e9lectriques (V\u00c9) \u00e9voluent constamment, il est essentiel de rester inform\u00e9 des plus r\u00e9centes tendances. Notre plus r\u00e9cente \u00e9tude de consommation vise \u00e0 mesurer les intentions d\u2019achat de v\u00e9hicules \u00e9lectriques (V\u00c9), \u00e0 recueillir les arguments favorables et d\u00e9favorables invoqu\u00e9s lors de la prise d\u2019une d\u00e9cision d\u2019achat et plus.<\/p>\n<p><a href=\"https:\/\/go.trader.ca\/wp-content\/uploads\/2024\/05\/Electric-Vehicle-Brochure-FR.pdf\" target=\"_blank\" rel=\"noopener\">T\u00e9l\u00e9chargez le rapport<\/a> de notre plus r\u00e9cente \u00e9tude de consommation portant sur les v\u00e9hicules \u00e9lectriques.[\/vc_column_text][vc_empty_space height=\u00a0\u00bb30px\u00a0\u00bb][vc_btn title=\u00a0\u00bbT\u00e9l\u00e9charger le rapport\u00a0\u00bb style=\u00a0\u00bbcustom\u00a0\u00bb custom_background=\u00a0\u00bb\u00a0\u00bb custom_text=\u00a0\u00bb#ffffff\u00a0\u00bb link=\u00a0\u00bburl:https%3A%2F%2Fgo.trader.ca%2Fwp-content%2Fuploads%2F2024%2F05%2FElectric-Vehicle-Brochure-FR.pdf||target:%20_blank\u00a0\u00bb el_class=\u00a0\u00bbbutton-teal\u00a0\u00bb][\/vc_column][vc_column width=\u00a0\u00bb1\/2&Prime;][vc_single_image image=\u00a0\u00bb12417&Prime; img_size=\u00a0\u00bblarge\u00a0\u00bb alignment=\u00a0\u00bbcenter\u00a0\u00bb onclick=\u00a0\u00bbcustom_link\u00a0\u00bb img_link_target=\u00a0\u00bb_blank\u00a0\u00bb link=\u00a0\u00bbhttps:\/\/go.trader.ca\/wp-content\/uploads\/2024\/05\/Electric-Vehicle-Brochure-FR.pdf\u00a0\u00bb][\/vc_column][\/vc_row]<\/p>\n<\/div>","protected":false},"excerpt":{"rendered":"<p>[vc_row][vc_column width=\u00a0\u00bb1\/2&Prime;][vc_empty_space height=\u00a0\u00bb90px\u00a0\u00bb][vc_column_text]Alors que le niveau d\u2019int\u00e9r\u00eat et les pr\u00e9f\u00e9rences des consommateurs \u00e0 l\u2019\u00e9gard des v\u00e9hicules \u00e9lectriques (V\u00c9) \u00e9voluent constamment, il est essentiel de rester inform\u00e9 des plus r\u00e9centes tendances. Notre plus r\u00e9cente \u00e9tude de consommation vise \u00e0 mesurer les intentions d\u2019achat de v\u00e9hicules \u00e9lectriques (V\u00c9), \u00e0 recueillir les arguments favorables et d\u00e9favorables invoqu\u00e9s lors<\/p>\n","protected":false},"author":4,"featured_media":12417,"comment_status":"open","ping_status":"open","sticky":false,"template":"","format":"standard","meta":{"site-sidebar-layout":"default","site-content-layout":"default","ast-site-content-layout":"default","site-content-style":"default","site-sidebar-style":"default","ast-global-header-display":"","ast-banner-title-visibility":"","ast-main-header-display":"","ast-hfb-above-header-display":"","ast-hfb-below-header-display":"","ast-hfb-mobile-header-display":"","site-post-title":"","ast-breadcrumbs-content":"","ast-featured-img":"","footer-sml-layout":"","ast-disable-related-posts":"","theme-transparent-header-meta":"default","adv-header-id-meta":"","stick-header-meta":"","header-above-stick-meta":"","header-main-stick-meta":"","header-below-stick-meta":"","astra-migrate-meta-layouts":"default","ast-page-background-enabled":"default","ast-page-background-meta":{"desktop":{"background-color":"var(--ast-global-color-4)","background-image":"","background-repeat":"repeat","background-position":"center center","background-size":"auto","background-attachment":"scroll","background-type":"","background-media":"","overlay-type":"","overlay-color":"","overlay-opacity":"","overlay-gradient":""},"tablet":{"background-color":"","background-image":"","background-repeat":"repeat","background-position":"center center","background-size":"auto","background-attachment":"scroll","background-type":"","background-media":"","overlay-type":"","overlay-color":"","overlay-opacity":"","overlay-gradient":""},"mobile":{"background-color":"","background-image":"","background-repeat":"repeat","background-position":"center center","background-size":"auto","background-attachment":"scroll","background-type":"","background-media":"","overlay-type":"","overlay-color":"","overlay-opacity":"","overlay-gradient":""}},"ast-content-background-meta":{"desktop":{"background-color":"var(--ast-global-color-5)","background-image":"","background-repeat":"repeat","background-position":"center center","background-size":"auto","background-attachment":"scroll","background-type":"","background-media":"","overlay-type":"","overlay-color":"","overlay-opacity":"","overlay-gradient":""},"tablet":{"background-color":"var(--ast-global-color-5)","background-image":"","background-repeat":"repeat","background-position":"center center","background-size":"auto","background-attachment":"scroll","background-type":"","background-media":"","overlay-type":"","overlay-color":"","overlay-opacity":"","overlay-gradient":""},"mobile":{"background-color":"var(--ast-global-color-5)","background-image":"","background-repeat":"repeat","background-position":"center center","background-size":"auto","background-attachment":"scroll","background-type":"","background-media":"","overlay-type":"","overlay-color":"","overlay-opacity":"","overlay-gradient":""}},"footnotes":""},"categories":[749],"tags":[739,735,733],"class_list":["post-12414","post","type-post","status-publish","format-standard","has-post-thumbnail","hentry","category-articles","tag-etudes-de-marche","tag-nouvelles-de-lindustrie","tag-vehicules-electriques"],"acf":[],"yoast_head":"<!-- This site is optimized with the Yoast SEO plugin v27.3 - https:\/\/yoast.com\/product\/yoast-seo-wordpress\/ -->\n<title>Rapport d\u2019\u00e9tude de consommation\u202f: Une \u00e9tude AutoHebdo r\u00e9v\u00e8le un coup de frein des ardeurs envers les V\u00c9 | Soci\u00e9t\u00e9 TRADER<\/title>\n<meta name=\"robots\" content=\"index, follow, max-snippet:-1, max-image-preview:large, max-video-preview:-1\" \/>\n<link rel=\"canonical\" href=\"https:\/\/go.trader.ca\/consumer-research-report-autotrader-study-reveals-car-shoppers-are-pumping-the-brakes-on-evs\/\" \/>\n<meta property=\"og:locale\" content=\"fr_FR\" \/>\n<meta property=\"og:type\" content=\"article\" \/>\n<meta property=\"og:title\" content=\"Rapport d\u2019\u00e9tude de consommation\u202f: Une \u00e9tude AutoHebdo r\u00e9v\u00e8le un coup de frein des ardeurs envers les V\u00c9 | Soci\u00e9t\u00e9 TRADER\" \/>\n<meta property=\"og:description\" content=\"[vc_row][vc_column width=\u00a0\u00bb1\/2&Prime;][vc_empty_space height=\u00a0\u00bb90px\u00a0\u00bb][vc_column_text]Alors que le niveau d\u2019int\u00e9r\u00eat et les pr\u00e9f\u00e9rences des consommateurs \u00e0 l\u2019\u00e9gard des v\u00e9hicules \u00e9lectriques (V\u00c9) \u00e9voluent constamment, il est essentiel de rester inform\u00e9 des plus r\u00e9centes tendances. Notre plus r\u00e9cente \u00e9tude de consommation vise \u00e0 mesurer les intentions d\u2019achat de v\u00e9hicules \u00e9lectriques (V\u00c9), \u00e0 recueillir les arguments favorables et d\u00e9favorables invoqu\u00e9s lors\" \/>\n<meta property=\"og:url\" content=\"https:\/\/go.trader.ca\/consumer-research-report-autotrader-study-reveals-car-shoppers-are-pumping-the-brakes-on-evs\/\" \/>\n<meta property=\"og:site_name\" content=\"TRADER\" \/>\n<meta property=\"article:published_time\" content=\"2024-05-31T19:07:55+00:00\" \/>\n<meta property=\"og:image\" content=\"https:\/\/go.trader.ca\/wp-content\/uploads\/2024\/05\/2024-EV-Brochure-PageStack-FR.png\" \/>\n\t<meta property=\"og:image:width\" content=\"991\" \/>\n\t<meta property=\"og:image:height\" content=\"756\" \/>\n\t<meta property=\"og:image:type\" content=\"image\/png\" \/>\n<meta name=\"author\" content=\"Milan Brankovic\" \/>\n<meta name=\"twitter:card\" content=\"summary_large_image\" \/>\n<meta name=\"twitter:label1\" content=\"\u00c9crit par\" \/>\n\t<meta name=\"twitter:data1\" content=\"Milan Brankovic\" \/>\n\t<meta name=\"twitter:label2\" content=\"Dur\u00e9e de lecture estim\u00e9e\" \/>\n\t<meta name=\"twitter:data2\" content=\"1 minute\" \/>\n<script type=\"application\/ld+json\" class=\"yoast-schema-graph\">{\"@context\":\"https:\\\/\\\/schema.org\",\"@graph\":[{\"@type\":\"Article\",\"@id\":\"https:\\\/\\\/go.trader.ca\\\/consumer-research-report-autotrader-study-reveals-car-shoppers-are-pumping-the-brakes-on-evs\\\/#article\",\"isPartOf\":{\"@id\":\"https:\\\/\\\/go.trader.ca\\\/consumer-research-report-autotrader-study-reveals-car-shoppers-are-pumping-the-brakes-on-evs\\\/\"},\"author\":{\"name\":\"Milan Brankovic\",\"@id\":\"https:\\\/\\\/go.trader.ca\\\/#\\\/schema\\\/person\\\/deb46c904a684d056b6eddd9fce98e8b\"},\"headline\":\"Rapport d\u2019\u00e9tude de consommation\u202f: Une \u00e9tude AutoHebdo r\u00e9v\u00e8le un coup de frein des ardeurs envers les V\u00c9\",\"datePublished\":\"2024-05-31T19:07:55+00:00\",\"mainEntityOfPage\":{\"@id\":\"https:\\\/\\\/go.trader.ca\\\/consumer-research-report-autotrader-study-reveals-car-shoppers-are-pumping-the-brakes-on-evs\\\/\"},\"wordCount\":202,\"commentCount\":0,\"publisher\":{\"@id\":\"https:\\\/\\\/go.trader.ca\\\/#organization\"},\"image\":{\"@id\":\"https:\\\/\\\/go.trader.ca\\\/consumer-research-report-autotrader-study-reveals-car-shoppers-are-pumping-the-brakes-on-evs\\\/#primaryimage\"},\"thumbnailUrl\":\"https:\\\/\\\/go.trader.ca\\\/wp-content\\\/uploads\\\/2024\\\/05\\\/2024-EV-Brochure-PageStack-FR.png\",\"keywords\":[\"\u00c9tudes de march\u00e9\",\"Nouvelles de l\u2019industrie\",\"V\u00e9hicules \u00e9lectriques\"],\"articleSection\":[\"Articles\"],\"inLanguage\":\"fr-FR\",\"potentialAction\":[{\"@type\":\"CommentAction\",\"name\":\"Comment\",\"target\":[\"https:\\\/\\\/go.trader.ca\\\/consumer-research-report-autotrader-study-reveals-car-shoppers-are-pumping-the-brakes-on-evs\\\/#respond\"]}]},{\"@type\":\"WebPage\",\"@id\":\"https:\\\/\\\/go.trader.ca\\\/consumer-research-report-autotrader-study-reveals-car-shoppers-are-pumping-the-brakes-on-evs\\\/\",\"url\":\"https:\\\/\\\/go.trader.ca\\\/consumer-research-report-autotrader-study-reveals-car-shoppers-are-pumping-the-brakes-on-evs\\\/\",\"name\":\"Rapport d\u2019\u00e9tude de consommation\u202f: Une \u00e9tude AutoHebdo r\u00e9v\u00e8le un coup de frein des ardeurs envers les V\u00c9 | Soci\u00e9t\u00e9 TRADER\",\"isPartOf\":{\"@id\":\"https:\\\/\\\/go.trader.ca\\\/#website\"},\"primaryImageOfPage\":{\"@id\":\"https:\\\/\\\/go.trader.ca\\\/consumer-research-report-autotrader-study-reveals-car-shoppers-are-pumping-the-brakes-on-evs\\\/#primaryimage\"},\"image\":{\"@id\":\"https:\\\/\\\/go.trader.ca\\\/consumer-research-report-autotrader-study-reveals-car-shoppers-are-pumping-the-brakes-on-evs\\\/#primaryimage\"},\"thumbnailUrl\":\"https:\\\/\\\/go.trader.ca\\\/wp-content\\\/uploads\\\/2024\\\/05\\\/2024-EV-Brochure-PageStack-FR.png\",\"datePublished\":\"2024-05-31T19:07:55+00:00\",\"breadcrumb\":{\"@id\":\"https:\\\/\\\/go.trader.ca\\\/consumer-research-report-autotrader-study-reveals-car-shoppers-are-pumping-the-brakes-on-evs\\\/#breadcrumb\"},\"inLanguage\":\"fr-FR\",\"potentialAction\":[{\"@type\":\"ReadAction\",\"target\":[\"https:\\\/\\\/go.trader.ca\\\/consumer-research-report-autotrader-study-reveals-car-shoppers-are-pumping-the-brakes-on-evs\\\/\"]}]},{\"@type\":\"ImageObject\",\"inLanguage\":\"fr-FR\",\"@id\":\"https:\\\/\\\/go.trader.ca\\\/consumer-research-report-autotrader-study-reveals-car-shoppers-are-pumping-the-brakes-on-evs\\\/#primaryimage\",\"url\":\"https:\\\/\\\/go.trader.ca\\\/wp-content\\\/uploads\\\/2024\\\/05\\\/2024-EV-Brochure-PageStack-FR.png\",\"contentUrl\":\"https:\\\/\\\/go.trader.ca\\\/wp-content\\\/uploads\\\/2024\\\/05\\\/2024-EV-Brochure-PageStack-FR.png\",\"width\":991,\"height\":756,\"caption\":\"2024-EV-Brochure-FR\"},{\"@type\":\"BreadcrumbList\",\"@id\":\"https:\\\/\\\/go.trader.ca\\\/consumer-research-report-autotrader-study-reveals-car-shoppers-are-pumping-the-brakes-on-evs\\\/#breadcrumb\",\"itemListElement\":[{\"@type\":\"ListItem\",\"position\":1,\"name\":\"Home\",\"item\":\"https:\\\/\\\/go.trader.ca\\\/fr\\\/\"},{\"@type\":\"ListItem\",\"position\":2,\"name\":\"Rapport d\u2019\u00e9tude de consommation\u202f: Une \u00e9tude AutoHebdo r\u00e9v\u00e8le un coup de frein des ardeurs envers les V\u00c9\"}]},{\"@type\":\"WebSite\",\"@id\":\"https:\\\/\\\/go.trader.ca\\\/#website\",\"url\":\"https:\\\/\\\/go.trader.ca\\\/\",\"name\":\"AutoTrader.ca & AutoHebdo.net\",\"description\":\"La plus grande et r\u00e9put\u00e9e place d\u2019affaires automobile au Canada\",\"publisher\":{\"@id\":\"https:\\\/\\\/go.trader.ca\\\/#organization\"},\"potentialAction\":[{\"@type\":\"SearchAction\",\"target\":{\"@type\":\"EntryPoint\",\"urlTemplate\":\"https:\\\/\\\/go.trader.ca\\\/?s={search_term_string}\"},\"query-input\":{\"@type\":\"PropertyValueSpecification\",\"valueRequired\":true,\"valueName\":\"search_term_string\"}}],\"inLanguage\":\"fr-FR\"},{\"@type\":\"Organization\",\"@id\":\"https:\\\/\\\/go.trader.ca\\\/#organization\",\"name\":\"AutoTrader.ca & AutoHebdo.net\",\"url\":\"https:\\\/\\\/go.trader.ca\\\/\",\"logo\":{\"@type\":\"ImageObject\",\"inLanguage\":\"fr-FR\",\"@id\":\"https:\\\/\\\/go.trader.ca\\\/#\\\/schema\\\/logo\\\/image\\\/\",\"url\":\"https:\\\/\\\/go.trader.ca\\\/wp-content\\\/uploads\\\/2024\\\/04\\\/Logo-AutoHebdo-FR.png\",\"contentUrl\":\"https:\\\/\\\/go.trader.ca\\\/wp-content\\\/uploads\\\/2024\\\/04\\\/Logo-AutoHebdo-FR.png\",\"width\":484,\"height\":52,\"caption\":\"AutoTrader.ca & AutoHebdo.net\"},\"image\":{\"@id\":\"https:\\\/\\\/go.trader.ca\\\/#\\\/schema\\\/logo\\\/image\\\/\"}},{\"@type\":\"Person\",\"@id\":\"https:\\\/\\\/go.trader.ca\\\/#\\\/schema\\\/person\\\/deb46c904a684d056b6eddd9fce98e8b\",\"name\":\"Milan Brankovic\",\"image\":{\"@type\":\"ImageObject\",\"inLanguage\":\"fr-FR\",\"@id\":\"https:\\\/\\\/secure.gravatar.com\\\/avatar\\\/f9a878d6529c9541a16d4fc98ecbabd89e05e91219e805579dab059559f5f623?s=96&d=mm&r=g\",\"url\":\"https:\\\/\\\/secure.gravatar.com\\\/avatar\\\/f9a878d6529c9541a16d4fc98ecbabd89e05e91219e805579dab059559f5f623?s=96&d=mm&r=g\",\"contentUrl\":\"https:\\\/\\\/secure.gravatar.com\\\/avatar\\\/f9a878d6529c9541a16d4fc98ecbabd89e05e91219e805579dab059559f5f623?s=96&d=mm&r=g\",\"caption\":\"Milan Brankovic\"},\"url\":\"https:\\\/\\\/go.trader.ca\\\/fr\\\/author\\\/milan-brankovictrader-ca\\\/\"}]}<\/script>\n<!-- \/ Yoast SEO plugin. -->","yoast_head_json":{"title":"Rapport d\u2019\u00e9tude de consommation\u202f: Une \u00e9tude AutoHebdo r\u00e9v\u00e8le un coup de frein des ardeurs envers les V\u00c9 | Soci\u00e9t\u00e9 TRADER","robots":{"index":"index","follow":"follow","max-snippet":"max-snippet:-1","max-image-preview":"max-image-preview:large","max-video-preview":"max-video-preview:-1"},"canonical":"https:\/\/go.trader.ca\/consumer-research-report-autotrader-study-reveals-car-shoppers-are-pumping-the-brakes-on-evs\/","og_locale":"fr_FR","og_type":"article","og_title":"Rapport d\u2019\u00e9tude de consommation\u202f: Une \u00e9tude AutoHebdo r\u00e9v\u00e8le un coup de frein des ardeurs envers les V\u00c9 | Soci\u00e9t\u00e9 TRADER","og_description":"[vc_row][vc_column width=\u00a0\u00bb1\/2&Prime;][vc_empty_space height=\u00a0\u00bb90px\u00a0\u00bb][vc_column_text]Alors que le niveau d\u2019int\u00e9r\u00eat et les pr\u00e9f\u00e9rences des consommateurs \u00e0 l\u2019\u00e9gard des v\u00e9hicules \u00e9lectriques (V\u00c9) \u00e9voluent constamment, il est essentiel de rester inform\u00e9 des plus r\u00e9centes tendances. Notre plus r\u00e9cente \u00e9tude de consommation vise \u00e0 mesurer les intentions d\u2019achat de v\u00e9hicules \u00e9lectriques (V\u00c9), \u00e0 recueillir les arguments favorables et d\u00e9favorables invoqu\u00e9s lors","og_url":"https:\/\/go.trader.ca\/consumer-research-report-autotrader-study-reveals-car-shoppers-are-pumping-the-brakes-on-evs\/","og_site_name":"TRADER","article_published_time":"2024-05-31T19:07:55+00:00","og_image":[{"width":991,"height":756,"url":"https:\/\/go.trader.ca\/wp-content\/uploads\/2024\/05\/2024-EV-Brochure-PageStack-FR.png","type":"image\/png"}],"author":"Milan Brankovic","twitter_card":"summary_large_image","twitter_misc":{"\u00c9crit par":"Milan Brankovic","Dur\u00e9e de lecture estim\u00e9e":"1 minute"},"schema":{"@context":"https:\/\/schema.org","@graph":[{"@type":"Article","@id":"https:\/\/go.trader.ca\/consumer-research-report-autotrader-study-reveals-car-shoppers-are-pumping-the-brakes-on-evs\/#article","isPartOf":{"@id":"https:\/\/go.trader.ca\/consumer-research-report-autotrader-study-reveals-car-shoppers-are-pumping-the-brakes-on-evs\/"},"author":{"name":"Milan Brankovic","@id":"https:\/\/go.trader.ca\/#\/schema\/person\/deb46c904a684d056b6eddd9fce98e8b"},"headline":"Rapport d\u2019\u00e9tude de consommation\u202f: Une \u00e9tude AutoHebdo r\u00e9v\u00e8le un coup de frein des ardeurs envers les V\u00c9","datePublished":"2024-05-31T19:07:55+00:00","mainEntityOfPage":{"@id":"https:\/\/go.trader.ca\/consumer-research-report-autotrader-study-reveals-car-shoppers-are-pumping-the-brakes-on-evs\/"},"wordCount":202,"commentCount":0,"publisher":{"@id":"https:\/\/go.trader.ca\/#organization"},"image":{"@id":"https:\/\/go.trader.ca\/consumer-research-report-autotrader-study-reveals-car-shoppers-are-pumping-the-brakes-on-evs\/#primaryimage"},"thumbnailUrl":"https:\/\/go.trader.ca\/wp-content\/uploads\/2024\/05\/2024-EV-Brochure-PageStack-FR.png","keywords":["\u00c9tudes de march\u00e9","Nouvelles de l\u2019industrie","V\u00e9hicules \u00e9lectriques"],"articleSection":["Articles"],"inLanguage":"fr-FR","potentialAction":[{"@type":"CommentAction","name":"Comment","target":["https:\/\/go.trader.ca\/consumer-research-report-autotrader-study-reveals-car-shoppers-are-pumping-the-brakes-on-evs\/#respond"]}]},{"@type":"WebPage","@id":"https:\/\/go.trader.ca\/consumer-research-report-autotrader-study-reveals-car-shoppers-are-pumping-the-brakes-on-evs\/","url":"https:\/\/go.trader.ca\/consumer-research-report-autotrader-study-reveals-car-shoppers-are-pumping-the-brakes-on-evs\/","name":"Rapport d\u2019\u00e9tude de consommation\u202f: Une \u00e9tude AutoHebdo r\u00e9v\u00e8le un coup de frein des ardeurs envers les V\u00c9 | Soci\u00e9t\u00e9 TRADER","isPartOf":{"@id":"https:\/\/go.trader.ca\/#website"},"primaryImageOfPage":{"@id":"https:\/\/go.trader.ca\/consumer-research-report-autotrader-study-reveals-car-shoppers-are-pumping-the-brakes-on-evs\/#primaryimage"},"image":{"@id":"https:\/\/go.trader.ca\/consumer-research-report-autotrader-study-reveals-car-shoppers-are-pumping-the-brakes-on-evs\/#primaryimage"},"thumbnailUrl":"https:\/\/go.trader.ca\/wp-content\/uploads\/2024\/05\/2024-EV-Brochure-PageStack-FR.png","datePublished":"2024-05-31T19:07:55+00:00","breadcrumb":{"@id":"https:\/\/go.trader.ca\/consumer-research-report-autotrader-study-reveals-car-shoppers-are-pumping-the-brakes-on-evs\/#breadcrumb"},"inLanguage":"fr-FR","potentialAction":[{"@type":"ReadAction","target":["https:\/\/go.trader.ca\/consumer-research-report-autotrader-study-reveals-car-shoppers-are-pumping-the-brakes-on-evs\/"]}]},{"@type":"ImageObject","inLanguage":"fr-FR","@id":"https:\/\/go.trader.ca\/consumer-research-report-autotrader-study-reveals-car-shoppers-are-pumping-the-brakes-on-evs\/#primaryimage","url":"https:\/\/go.trader.ca\/wp-content\/uploads\/2024\/05\/2024-EV-Brochure-PageStack-FR.png","contentUrl":"https:\/\/go.trader.ca\/wp-content\/uploads\/2024\/05\/2024-EV-Brochure-PageStack-FR.png","width":991,"height":756,"caption":"2024-EV-Brochure-FR"},{"@type":"BreadcrumbList","@id":"https:\/\/go.trader.ca\/consumer-research-report-autotrader-study-reveals-car-shoppers-are-pumping-the-brakes-on-evs\/#breadcrumb","itemListElement":[{"@type":"ListItem","position":1,"name":"Home","item":"https:\/\/go.trader.ca\/fr\/"},{"@type":"ListItem","position":2,"name":"Rapport d\u2019\u00e9tude de consommation\u202f: Une \u00e9tude AutoHebdo r\u00e9v\u00e8le un coup de frein des ardeurs envers les V\u00c9"}]},{"@type":"WebSite","@id":"https:\/\/go.trader.ca\/#website","url":"https:\/\/go.trader.ca\/","name":"AutoTrader.ca & AutoHebdo.net","description":"La plus grande et r\u00e9put\u00e9e place d\u2019affaires automobile au Canada","publisher":{"@id":"https:\/\/go.trader.ca\/#organization"},"potentialAction":[{"@type":"SearchAction","target":{"@type":"EntryPoint","urlTemplate":"https:\/\/go.trader.ca\/?s={search_term_string}"},"query-input":{"@type":"PropertyValueSpecification","valueRequired":true,"valueName":"search_term_string"}}],"inLanguage":"fr-FR"},{"@type":"Organization","@id":"https:\/\/go.trader.ca\/#organization","name":"AutoTrader.ca & AutoHebdo.net","url":"https:\/\/go.trader.ca\/","logo":{"@type":"ImageObject","inLanguage":"fr-FR","@id":"https:\/\/go.trader.ca\/#\/schema\/logo\/image\/","url":"https:\/\/go.trader.ca\/wp-content\/uploads\/2024\/04\/Logo-AutoHebdo-FR.png","contentUrl":"https:\/\/go.trader.ca\/wp-content\/uploads\/2024\/04\/Logo-AutoHebdo-FR.png","width":484,"height":52,"caption":"AutoTrader.ca & AutoHebdo.net"},"image":{"@id":"https:\/\/go.trader.ca\/#\/schema\/logo\/image\/"}},{"@type":"Person","@id":"https:\/\/go.trader.ca\/#\/schema\/person\/deb46c904a684d056b6eddd9fce98e8b","name":"Milan Brankovic","image":{"@type":"ImageObject","inLanguage":"fr-FR","@id":"https:\/\/secure.gravatar.com\/avatar\/f9a878d6529c9541a16d4fc98ecbabd89e05e91219e805579dab059559f5f623?s=96&d=mm&r=g","url":"https:\/\/secure.gravatar.com\/avatar\/f9a878d6529c9541a16d4fc98ecbabd89e05e91219e805579dab059559f5f623?s=96&d=mm&r=g","contentUrl":"https:\/\/secure.gravatar.com\/avatar\/f9a878d6529c9541a16d4fc98ecbabd89e05e91219e805579dab059559f5f623?s=96&d=mm&r=g","caption":"Milan Brankovic"},"url":"https:\/\/go.trader.ca\/fr\/author\/milan-brankovictrader-ca\/"}]}},"_links":{"self":[{"href":"https:\/\/go.trader.ca\/fr\/wp-json\/wp\/v2\/posts\/12414","targetHints":{"allow":["GET"]}}],"collection":[{"href":"https:\/\/go.trader.ca\/fr\/wp-json\/wp\/v2\/posts"}],"about":[{"href":"https:\/\/go.trader.ca\/fr\/wp-json\/wp\/v2\/types\/post"}],"author":[{"embeddable":true,"href":"https:\/\/go.trader.ca\/fr\/wp-json\/wp\/v2\/users\/4"}],"replies":[{"embeddable":true,"href":"https:\/\/go.trader.ca\/fr\/wp-json\/wp\/v2\/comments?post=12414"}],"version-history":[{"count":0,"href":"https:\/\/go.trader.ca\/fr\/wp-json\/wp\/v2\/posts\/12414\/revisions"}],"wp:featuredmedia":[{"embeddable":true,"href":"https:\/\/go.trader.ca\/fr\/wp-json\/wp\/v2\/media\/12417"}],"wp:attachment":[{"href":"https:\/\/go.trader.ca\/fr\/wp-json\/wp\/v2\/media?parent=12414"}],"wp:term":[{"taxonomy":"category","embeddable":true,"href":"https:\/\/go.trader.ca\/fr\/wp-json\/wp\/v2\/categories?post=12414"},{"taxonomy":"post_tag","embeddable":true,"href":"https:\/\/go.trader.ca\/fr\/wp-json\/wp\/v2\/tags?post=12414"}],"curies":[{"name":"wp","href":"https:\/\/api.w.org\/{rel}","templated":true}]}}