{"id":11593,"date":"2023-07-28T13:53:55","date_gmt":"2023-07-28T17:53:55","guid":{"rendered":"https:\/\/go.trader.ca\/?p=11593"},"modified":"2024-08-02T09:47:51","modified_gmt":"2024-08-02T13:47:51","slug":"indice-des-prix-autohebdo-net-juin-2023","status":"publish","type":"post","link":"https:\/\/go.trader.ca\/fr\/indice-des-prix-autohebdo-net-juin-2023\/","title":{"rendered":"Indice des prix AutoHebdo: Juin 2023"},"content":{"rendered":"<div class=\"wpb-content-wrapper\"><p>[vc_row gap=\u00a0\u00bb30&Prime; equal_height=\u00a0\u00bbyes\u00a0\u00bb content_placement=\u00a0\u00bbtop\u00a0\u00bb][vc_column width=\u00a0\u00bb1\/2&Prime;][vc_column_text]Depuis le d\u00e9but de l\u2019ann\u00e9e, l\u2019industrie automobile impressionne par sa r\u00e9silience, \u00e9tant stimul\u00e9e par la forte demande des consommateurs. Les niveaux d\u2019inventaire demeurant obstin\u00e9ment inf\u00e9rieurs \u00e0 la normale, les prix des v\u00e9hicules neufs et d\u2019occasion poursuivent leur ascension par rapport \u00e0 l\u2019ann\u00e9e pr\u00e9c\u00e9dente. M\u00eame si le prix moyen d\u2019un v\u00e9hicule d\u2019occasion en juin 2023 est demeur\u00e9 stable par rapport au mois pr\u00e9c\u00e9dent (mai 2023) \u00e0 39 645$, cela marquait une hausse de 4,1% sur une ann\u00e9e. Par contre, le prix moyen des v\u00e9hicules neufs a atteint un sommet record \u00e0 66 288$ en juin, ce qui \u00e9quivaut \u00e0 une augmentation substantielle de 21,3% sur 12 mois.<\/p>\n<p><strong>Pour consulter l\u2019\u00c9tat du march\u00e9 AutoHebdo dans son entier,\u00a0<a href=\"https:\/\/go.trader.ca\/wp-content\/uploads\/2023\/07\/AutoTrader_PriceIndex_Juin2023_FR.pdf\" target=\"_blank\" rel=\"noopener\">cliquez ici<\/a>\u00a0pour le t\u00e9l\u00e9charger.<\/strong>[\/vc_column_text][vc_empty_space height=\u00a0\u00bb20px\u00a0\u00bb][vc_btn title=\u00a0\u00bbT\u00e9l\u00e9charger rapport\u00a0\u00bb style=\u00a0\u00bbcustom\u00a0\u00bb custom_background=\u00a0\u00bb\u00a0\u00bb custom_text=\u00a0\u00bb#ffffff\u00a0\u00bb shape=\u00a0\u00bbround\u00a0\u00bb link=\u00a0\u00bburl:https%3A%2F%2Fgo.trader.ca%2Fwp-content%2Fuploads%2F2023%2F07%2FAutoTrader_PriceIndex_Juin2023_FR.pdf||target:%20_blank\u00a0\u00bb el_class=\u00a0\u00bbbutton-teal\u00a0\u00bb][vc_empty_space height=\u00a0\u00bb20px\u00a0\u00bb][\/vc_column][vc_column width=\u00a0\u00bb1\/2&Prime;][vc_single_image image=\u00a0\u00bb11594&Prime; img_size=\u00a0\u00bb800&#215;600&Prime; alignment=\u00a0\u00bbcenter\u00a0\u00bb onclick=\u00a0\u00bbcustom_link\u00a0\u00bb img_link_target=\u00a0\u00bb_blank\u00a0\u00bb link=\u00a0\u00bbhttps:\/\/go.trader.ca\/wp-content\/uploads\/2023\/07\/AutoTrader_PriceIndex_Juin2023_FR.pdf\u00a0\u00bb][\/vc_column][\/vc_row]<\/p>\n<\/div>","protected":false},"excerpt":{"rendered":"<p>[vc_row gap=\u00a0\u00bb30&Prime; equal_height=\u00a0\u00bbyes\u00a0\u00bb content_placement=\u00a0\u00bbtop\u00a0\u00bb][vc_column width=\u00a0\u00bb1\/2&Prime;][vc_column_text]Depuis le d\u00e9but de l\u2019ann\u00e9e, l\u2019industrie automobile impressionne par sa r\u00e9silience, \u00e9tant stimul\u00e9e par la forte demande des consommateurs. Les niveaux d\u2019inventaire demeurant obstin\u00e9ment inf\u00e9rieurs \u00e0 la normale, les prix des v\u00e9hicules neufs et d\u2019occasion poursuivent leur ascension par rapport \u00e0 l\u2019ann\u00e9e pr\u00e9c\u00e9dente. M\u00eame si le prix moyen d\u2019un v\u00e9hicule d\u2019occasion<\/p>\n","protected":false},"author":4,"featured_media":11594,"comment_status":"open","ping_status":"open","sticky":false,"template":"","format":"standard","meta":{"site-sidebar-layout":"default","site-content-layout":"default","ast-site-content-layout":"default","site-content-style":"default","site-sidebar-style":"default","ast-global-header-display":"","ast-banner-title-visibility":"","ast-main-header-display":"","ast-hfb-above-header-display":"","ast-hfb-below-header-display":"","ast-hfb-mobile-header-display":"","site-post-title":"","ast-breadcrumbs-content":"","ast-featured-img":"","footer-sml-layout":"","ast-disable-related-posts":"","theme-transparent-header-meta":"default","adv-header-id-meta":"","stick-header-meta":"","header-above-stick-meta":"","header-main-stick-meta":"","header-below-stick-meta":"","astra-migrate-meta-layouts":"default","ast-page-background-enabled":"default","ast-page-background-meta":{"desktop":{"background-color":"var(--ast-global-color-4)","background-image":"","background-repeat":"repeat","background-position":"center center","background-size":"auto","background-attachment":"scroll","background-type":"","background-media":"","overlay-type":"","overlay-color":"","overlay-opacity":"","overlay-gradient":""},"tablet":{"background-color":"","background-image":"","background-repeat":"repeat","background-position":"center center","background-size":"auto","background-attachment":"scroll","background-type":"","background-media":"","overlay-type":"","overlay-color":"","overlay-opacity":"","overlay-gradient":""},"mobile":{"background-color":"","background-image":"","background-repeat":"repeat","background-position":"center center","background-size":"auto","background-attachment":"scroll","background-type":"","background-media":"","overlay-type":"","overlay-color":"","overlay-opacity":"","overlay-gradient":""}},"ast-content-background-meta":{"desktop":{"background-color":"var(--ast-global-color-5)","background-image":"","background-repeat":"repeat","background-position":"center center","background-size":"auto","background-attachment":"scroll","background-type":"","background-media":"","overlay-type":"","overlay-color":"","overlay-opacity":"","overlay-gradient":""},"tablet":{"background-color":"var(--ast-global-color-5)","background-image":"","background-repeat":"repeat","background-position":"center center","background-size":"auto","background-attachment":"scroll","background-type":"","background-media":"","overlay-type":"","overlay-color":"","overlay-opacity":"","overlay-gradient":""},"mobile":{"background-color":"var(--ast-global-color-5)","background-image":"","background-repeat":"repeat","background-position":"center center","background-size":"auto","background-attachment":"scroll","background-type":"","background-media":"","overlay-type":"","overlay-color":"","overlay-opacity":"","overlay-gradient":""}},"footnotes":""},"categories":[749],"tags":[39,239,41,799],"class_list":["post-11593","post","type-post","status-publish","format-standard","has-post-thumbnail","hentry","category-articles","tag-autohebdo-net","tag-automobile","tag-place-daffaires","tag-place-daffaires-automobile-en-ligne"],"acf":[],"yoast_head":"<!-- This site is optimized with the Yoast SEO plugin v27.3 - https:\/\/yoast.com\/product\/yoast-seo-wordpress\/ -->\n<title>Indice des prix AutoHebdo: Juin 2023 | Soci\u00e9t\u00e9 TRADER<\/title>\n<meta name=\"robots\" content=\"index, follow, max-snippet:-1, max-image-preview:large, max-video-preview:-1\" \/>\n<link rel=\"canonical\" href=\"https:\/\/go.trader.ca\/fr\/indice-des-prix-autohebdo-net-juin-2023\/\" \/>\n<meta property=\"og:locale\" content=\"fr_FR\" \/>\n<meta property=\"og:type\" content=\"article\" \/>\n<meta property=\"og:title\" content=\"Indice des prix AutoHebdo: Juin 2023 | Soci\u00e9t\u00e9 TRADER\" \/>\n<meta property=\"og:description\" content=\"[vc_row gap=\u00a0\u00bb30&Prime; equal_height=\u00a0\u00bbyes\u00a0\u00bb content_placement=\u00a0\u00bbtop\u00a0\u00bb][vc_column width=\u00a0\u00bb1\/2&Prime;][vc_column_text]Depuis le d\u00e9but de l\u2019ann\u00e9e, l\u2019industrie automobile impressionne par sa r\u00e9silience, \u00e9tant stimul\u00e9e par la forte demande des consommateurs. Les niveaux d\u2019inventaire demeurant obstin\u00e9ment inf\u00e9rieurs \u00e0 la normale, les prix des v\u00e9hicules neufs et d\u2019occasion poursuivent leur ascension par rapport \u00e0 l\u2019ann\u00e9e pr\u00e9c\u00e9dente. M\u00eame si le prix moyen d\u2019un v\u00e9hicule d\u2019occasion\" \/>\n<meta property=\"og:url\" content=\"https:\/\/go.trader.ca\/fr\/indice-des-prix-autohebdo-net-juin-2023\/\" \/>\n<meta property=\"og:site_name\" content=\"TRADER\" \/>\n<meta property=\"article:published_time\" content=\"2023-07-28T17:53:55+00:00\" \/>\n<meta property=\"article:modified_time\" content=\"2024-08-02T13:47:51+00:00\" \/>\n<meta property=\"og:image\" content=\"https:\/\/go.trader.ca\/wp-content\/uploads\/2023\/07\/Page-Stacked-Template60-copy.png\" \/>\n\t<meta property=\"og:image:width\" content=\"1024\" \/>\n\t<meta property=\"og:image:height\" content=\"768\" \/>\n\t<meta property=\"og:image:type\" content=\"image\/png\" \/>\n<meta name=\"author\" content=\"Milan Brankovic\" \/>\n<meta name=\"twitter:card\" content=\"summary_large_image\" \/>\n<meta name=\"twitter:label1\" content=\"\u00c9crit par\" \/>\n\t<meta name=\"twitter:data1\" content=\"Milan Brankovic\" \/>\n\t<meta name=\"twitter:label2\" content=\"Dur\u00e9e de lecture estim\u00e9e\" \/>\n\t<meta name=\"twitter:data2\" content=\"1 minute\" \/>\n<script type=\"application\/ld+json\" class=\"yoast-schema-graph\">{\"@context\":\"https:\\\/\\\/schema.org\",\"@graph\":[{\"@type\":\"Article\",\"@id\":\"https:\\\/\\\/go.trader.ca\\\/fr\\\/indice-des-prix-autohebdo-net-juin-2023\\\/#article\",\"isPartOf\":{\"@id\":\"https:\\\/\\\/go.trader.ca\\\/fr\\\/indice-des-prix-autohebdo-net-juin-2023\\\/\"},\"author\":{\"name\":\"Milan Brankovic\",\"@id\":\"https:\\\/\\\/go.trader.ca\\\/#\\\/schema\\\/person\\\/deb46c904a684d056b6eddd9fce98e8b\"},\"headline\":\"Indice des prix AutoHebdo: Juin 2023\",\"datePublished\":\"2023-07-28T17:53:55+00:00\",\"dateModified\":\"2024-08-02T13:47:51+00:00\",\"mainEntityOfPage\":{\"@id\":\"https:\\\/\\\/go.trader.ca\\\/fr\\\/indice-des-prix-autohebdo-net-juin-2023\\\/\"},\"wordCount\":240,\"commentCount\":0,\"publisher\":{\"@id\":\"https:\\\/\\\/go.trader.ca\\\/#organization\"},\"image\":{\"@id\":\"https:\\\/\\\/go.trader.ca\\\/fr\\\/indice-des-prix-autohebdo-net-juin-2023\\\/#primaryimage\"},\"thumbnailUrl\":\"https:\\\/\\\/go.trader.ca\\\/wp-content\\\/uploads\\\/2023\\\/07\\\/Page-Stacked-Template60-copy.png\",\"keywords\":[\"AutoHebdo.net\",\"Automobile\",\"Place d\u2019affaires\",\"Place d\u2019affaires automobile en ligne\"],\"articleSection\":[\"Articles\"],\"inLanguage\":\"fr-FR\",\"potentialAction\":[{\"@type\":\"CommentAction\",\"name\":\"Comment\",\"target\":[\"https:\\\/\\\/go.trader.ca\\\/fr\\\/indice-des-prix-autohebdo-net-juin-2023\\\/#respond\"]}]},{\"@type\":\"WebPage\",\"@id\":\"https:\\\/\\\/go.trader.ca\\\/fr\\\/indice-des-prix-autohebdo-net-juin-2023\\\/\",\"url\":\"https:\\\/\\\/go.trader.ca\\\/fr\\\/indice-des-prix-autohebdo-net-juin-2023\\\/\",\"name\":\"Indice des prix AutoHebdo: Juin 2023 | Soci\u00e9t\u00e9 TRADER\",\"isPartOf\":{\"@id\":\"https:\\\/\\\/go.trader.ca\\\/#website\"},\"primaryImageOfPage\":{\"@id\":\"https:\\\/\\\/go.trader.ca\\\/fr\\\/indice-des-prix-autohebdo-net-juin-2023\\\/#primaryimage\"},\"image\":{\"@id\":\"https:\\\/\\\/go.trader.ca\\\/fr\\\/indice-des-prix-autohebdo-net-juin-2023\\\/#primaryimage\"},\"thumbnailUrl\":\"https:\\\/\\\/go.trader.ca\\\/wp-content\\\/uploads\\\/2023\\\/07\\\/Page-Stacked-Template60-copy.png\",\"datePublished\":\"2023-07-28T17:53:55+00:00\",\"dateModified\":\"2024-08-02T13:47:51+00:00\",\"breadcrumb\":{\"@id\":\"https:\\\/\\\/go.trader.ca\\\/fr\\\/indice-des-prix-autohebdo-net-juin-2023\\\/#breadcrumb\"},\"inLanguage\":\"fr-FR\",\"potentialAction\":[{\"@type\":\"ReadAction\",\"target\":[\"https:\\\/\\\/go.trader.ca\\\/fr\\\/indice-des-prix-autohebdo-net-juin-2023\\\/\"]}]},{\"@type\":\"ImageObject\",\"inLanguage\":\"fr-FR\",\"@id\":\"https:\\\/\\\/go.trader.ca\\\/fr\\\/indice-des-prix-autohebdo-net-juin-2023\\\/#primaryimage\",\"url\":\"https:\\\/\\\/go.trader.ca\\\/wp-content\\\/uploads\\\/2023\\\/07\\\/Page-Stacked-Template60-copy.png\",\"contentUrl\":\"https:\\\/\\\/go.trader.ca\\\/wp-content\\\/uploads\\\/2023\\\/07\\\/Page-Stacked-Template60-copy.png\",\"width\":1024,\"height\":768,\"caption\":\"Indice Des Prix Juin 2023\"},{\"@type\":\"BreadcrumbList\",\"@id\":\"https:\\\/\\\/go.trader.ca\\\/fr\\\/indice-des-prix-autohebdo-net-juin-2023\\\/#breadcrumb\",\"itemListElement\":[{\"@type\":\"ListItem\",\"position\":1,\"name\":\"Home\",\"item\":\"https:\\\/\\\/go.trader.ca\\\/fr\\\/\"},{\"@type\":\"ListItem\",\"position\":2,\"name\":\"Indice des prix AutoHebdo: Juin 2023\"}]},{\"@type\":\"WebSite\",\"@id\":\"https:\\\/\\\/go.trader.ca\\\/#website\",\"url\":\"https:\\\/\\\/go.trader.ca\\\/\",\"name\":\"AutoTrader.ca & AutoHebdo.net\",\"description\":\"La plus grande et r\u00e9put\u00e9e place d\u2019affaires automobile au Canada\",\"publisher\":{\"@id\":\"https:\\\/\\\/go.trader.ca\\\/#organization\"},\"potentialAction\":[{\"@type\":\"SearchAction\",\"target\":{\"@type\":\"EntryPoint\",\"urlTemplate\":\"https:\\\/\\\/go.trader.ca\\\/?s={search_term_string}\"},\"query-input\":{\"@type\":\"PropertyValueSpecification\",\"valueRequired\":true,\"valueName\":\"search_term_string\"}}],\"inLanguage\":\"fr-FR\"},{\"@type\":\"Organization\",\"@id\":\"https:\\\/\\\/go.trader.ca\\\/#organization\",\"name\":\"AutoTrader.ca & AutoHebdo.net\",\"url\":\"https:\\\/\\\/go.trader.ca\\\/\",\"logo\":{\"@type\":\"ImageObject\",\"inLanguage\":\"fr-FR\",\"@id\":\"https:\\\/\\\/go.trader.ca\\\/#\\\/schema\\\/logo\\\/image\\\/\",\"url\":\"https:\\\/\\\/go.trader.ca\\\/wp-content\\\/uploads\\\/2024\\\/04\\\/Logo-AutoHebdo-FR.png\",\"contentUrl\":\"https:\\\/\\\/go.trader.ca\\\/wp-content\\\/uploads\\\/2024\\\/04\\\/Logo-AutoHebdo-FR.png\",\"width\":484,\"height\":52,\"caption\":\"AutoTrader.ca & AutoHebdo.net\"},\"image\":{\"@id\":\"https:\\\/\\\/go.trader.ca\\\/#\\\/schema\\\/logo\\\/image\\\/\"}},{\"@type\":\"Person\",\"@id\":\"https:\\\/\\\/go.trader.ca\\\/#\\\/schema\\\/person\\\/deb46c904a684d056b6eddd9fce98e8b\",\"name\":\"Milan Brankovic\",\"image\":{\"@type\":\"ImageObject\",\"inLanguage\":\"fr-FR\",\"@id\":\"https:\\\/\\\/secure.gravatar.com\\\/avatar\\\/f9a878d6529c9541a16d4fc98ecbabd89e05e91219e805579dab059559f5f623?s=96&d=mm&r=g\",\"url\":\"https:\\\/\\\/secure.gravatar.com\\\/avatar\\\/f9a878d6529c9541a16d4fc98ecbabd89e05e91219e805579dab059559f5f623?s=96&d=mm&r=g\",\"contentUrl\":\"https:\\\/\\\/secure.gravatar.com\\\/avatar\\\/f9a878d6529c9541a16d4fc98ecbabd89e05e91219e805579dab059559f5f623?s=96&d=mm&r=g\",\"caption\":\"Milan Brankovic\"},\"url\":\"https:\\\/\\\/go.trader.ca\\\/fr\\\/author\\\/milan-brankovictrader-ca\\\/\"}]}<\/script>\n<!-- \/ Yoast SEO plugin. -->","yoast_head_json":{"title":"Indice des prix AutoHebdo: Juin 2023 | Soci\u00e9t\u00e9 TRADER","robots":{"index":"index","follow":"follow","max-snippet":"max-snippet:-1","max-image-preview":"max-image-preview:large","max-video-preview":"max-video-preview:-1"},"canonical":"https:\/\/go.trader.ca\/fr\/indice-des-prix-autohebdo-net-juin-2023\/","og_locale":"fr_FR","og_type":"article","og_title":"Indice des prix AutoHebdo: Juin 2023 | Soci\u00e9t\u00e9 TRADER","og_description":"[vc_row gap=\u00a0\u00bb30&Prime; equal_height=\u00a0\u00bbyes\u00a0\u00bb content_placement=\u00a0\u00bbtop\u00a0\u00bb][vc_column width=\u00a0\u00bb1\/2&Prime;][vc_column_text]Depuis le d\u00e9but de l\u2019ann\u00e9e, l\u2019industrie automobile impressionne par sa r\u00e9silience, \u00e9tant stimul\u00e9e par la forte demande des consommateurs. Les niveaux d\u2019inventaire demeurant obstin\u00e9ment inf\u00e9rieurs \u00e0 la normale, les prix des v\u00e9hicules neufs et d\u2019occasion poursuivent leur ascension par rapport \u00e0 l\u2019ann\u00e9e pr\u00e9c\u00e9dente. M\u00eame si le prix moyen d\u2019un v\u00e9hicule d\u2019occasion","og_url":"https:\/\/go.trader.ca\/fr\/indice-des-prix-autohebdo-net-juin-2023\/","og_site_name":"TRADER","article_published_time":"2023-07-28T17:53:55+00:00","article_modified_time":"2024-08-02T13:47:51+00:00","og_image":[{"width":1024,"height":768,"url":"https:\/\/go.trader.ca\/wp-content\/uploads\/2023\/07\/Page-Stacked-Template60-copy.png","type":"image\/png"}],"author":"Milan Brankovic","twitter_card":"summary_large_image","twitter_misc":{"\u00c9crit par":"Milan Brankovic","Dur\u00e9e de lecture estim\u00e9e":"1 minute"},"schema":{"@context":"https:\/\/schema.org","@graph":[{"@type":"Article","@id":"https:\/\/go.trader.ca\/fr\/indice-des-prix-autohebdo-net-juin-2023\/#article","isPartOf":{"@id":"https:\/\/go.trader.ca\/fr\/indice-des-prix-autohebdo-net-juin-2023\/"},"author":{"name":"Milan Brankovic","@id":"https:\/\/go.trader.ca\/#\/schema\/person\/deb46c904a684d056b6eddd9fce98e8b"},"headline":"Indice des prix AutoHebdo: Juin 2023","datePublished":"2023-07-28T17:53:55+00:00","dateModified":"2024-08-02T13:47:51+00:00","mainEntityOfPage":{"@id":"https:\/\/go.trader.ca\/fr\/indice-des-prix-autohebdo-net-juin-2023\/"},"wordCount":240,"commentCount":0,"publisher":{"@id":"https:\/\/go.trader.ca\/#organization"},"image":{"@id":"https:\/\/go.trader.ca\/fr\/indice-des-prix-autohebdo-net-juin-2023\/#primaryimage"},"thumbnailUrl":"https:\/\/go.trader.ca\/wp-content\/uploads\/2023\/07\/Page-Stacked-Template60-copy.png","keywords":["AutoHebdo.net","Automobile","Place d\u2019affaires","Place d\u2019affaires automobile en ligne"],"articleSection":["Articles"],"inLanguage":"fr-FR","potentialAction":[{"@type":"CommentAction","name":"Comment","target":["https:\/\/go.trader.ca\/fr\/indice-des-prix-autohebdo-net-juin-2023\/#respond"]}]},{"@type":"WebPage","@id":"https:\/\/go.trader.ca\/fr\/indice-des-prix-autohebdo-net-juin-2023\/","url":"https:\/\/go.trader.ca\/fr\/indice-des-prix-autohebdo-net-juin-2023\/","name":"Indice des prix AutoHebdo: Juin 2023 | Soci\u00e9t\u00e9 TRADER","isPartOf":{"@id":"https:\/\/go.trader.ca\/#website"},"primaryImageOfPage":{"@id":"https:\/\/go.trader.ca\/fr\/indice-des-prix-autohebdo-net-juin-2023\/#primaryimage"},"image":{"@id":"https:\/\/go.trader.ca\/fr\/indice-des-prix-autohebdo-net-juin-2023\/#primaryimage"},"thumbnailUrl":"https:\/\/go.trader.ca\/wp-content\/uploads\/2023\/07\/Page-Stacked-Template60-copy.png","datePublished":"2023-07-28T17:53:55+00:00","dateModified":"2024-08-02T13:47:51+00:00","breadcrumb":{"@id":"https:\/\/go.trader.ca\/fr\/indice-des-prix-autohebdo-net-juin-2023\/#breadcrumb"},"inLanguage":"fr-FR","potentialAction":[{"@type":"ReadAction","target":["https:\/\/go.trader.ca\/fr\/indice-des-prix-autohebdo-net-juin-2023\/"]}]},{"@type":"ImageObject","inLanguage":"fr-FR","@id":"https:\/\/go.trader.ca\/fr\/indice-des-prix-autohebdo-net-juin-2023\/#primaryimage","url":"https:\/\/go.trader.ca\/wp-content\/uploads\/2023\/07\/Page-Stacked-Template60-copy.png","contentUrl":"https:\/\/go.trader.ca\/wp-content\/uploads\/2023\/07\/Page-Stacked-Template60-copy.png","width":1024,"height":768,"caption":"Indice Des Prix Juin 2023"},{"@type":"BreadcrumbList","@id":"https:\/\/go.trader.ca\/fr\/indice-des-prix-autohebdo-net-juin-2023\/#breadcrumb","itemListElement":[{"@type":"ListItem","position":1,"name":"Home","item":"https:\/\/go.trader.ca\/fr\/"},{"@type":"ListItem","position":2,"name":"Indice des prix AutoHebdo: Juin 2023"}]},{"@type":"WebSite","@id":"https:\/\/go.trader.ca\/#website","url":"https:\/\/go.trader.ca\/","name":"AutoTrader.ca & AutoHebdo.net","description":"La plus grande et r\u00e9put\u00e9e place d\u2019affaires automobile au Canada","publisher":{"@id":"https:\/\/go.trader.ca\/#organization"},"potentialAction":[{"@type":"SearchAction","target":{"@type":"EntryPoint","urlTemplate":"https:\/\/go.trader.ca\/?s={search_term_string}"},"query-input":{"@type":"PropertyValueSpecification","valueRequired":true,"valueName":"search_term_string"}}],"inLanguage":"fr-FR"},{"@type":"Organization","@id":"https:\/\/go.trader.ca\/#organization","name":"AutoTrader.ca & AutoHebdo.net","url":"https:\/\/go.trader.ca\/","logo":{"@type":"ImageObject","inLanguage":"fr-FR","@id":"https:\/\/go.trader.ca\/#\/schema\/logo\/image\/","url":"https:\/\/go.trader.ca\/wp-content\/uploads\/2024\/04\/Logo-AutoHebdo-FR.png","contentUrl":"https:\/\/go.trader.ca\/wp-content\/uploads\/2024\/04\/Logo-AutoHebdo-FR.png","width":484,"height":52,"caption":"AutoTrader.ca & AutoHebdo.net"},"image":{"@id":"https:\/\/go.trader.ca\/#\/schema\/logo\/image\/"}},{"@type":"Person","@id":"https:\/\/go.trader.ca\/#\/schema\/person\/deb46c904a684d056b6eddd9fce98e8b","name":"Milan Brankovic","image":{"@type":"ImageObject","inLanguage":"fr-FR","@id":"https:\/\/secure.gravatar.com\/avatar\/f9a878d6529c9541a16d4fc98ecbabd89e05e91219e805579dab059559f5f623?s=96&d=mm&r=g","url":"https:\/\/secure.gravatar.com\/avatar\/f9a878d6529c9541a16d4fc98ecbabd89e05e91219e805579dab059559f5f623?s=96&d=mm&r=g","contentUrl":"https:\/\/secure.gravatar.com\/avatar\/f9a878d6529c9541a16d4fc98ecbabd89e05e91219e805579dab059559f5f623?s=96&d=mm&r=g","caption":"Milan Brankovic"},"url":"https:\/\/go.trader.ca\/fr\/author\/milan-brankovictrader-ca\/"}]}},"_links":{"self":[{"href":"https:\/\/go.trader.ca\/fr\/wp-json\/wp\/v2\/posts\/11593","targetHints":{"allow":["GET"]}}],"collection":[{"href":"https:\/\/go.trader.ca\/fr\/wp-json\/wp\/v2\/posts"}],"about":[{"href":"https:\/\/go.trader.ca\/fr\/wp-json\/wp\/v2\/types\/post"}],"author":[{"embeddable":true,"href":"https:\/\/go.trader.ca\/fr\/wp-json\/wp\/v2\/users\/4"}],"replies":[{"embeddable":true,"href":"https:\/\/go.trader.ca\/fr\/wp-json\/wp\/v2\/comments?post=11593"}],"version-history":[{"count":0,"href":"https:\/\/go.trader.ca\/fr\/wp-json\/wp\/v2\/posts\/11593\/revisions"}],"wp:featuredmedia":[{"embeddable":true,"href":"https:\/\/go.trader.ca\/fr\/wp-json\/wp\/v2\/media\/11594"}],"wp:attachment":[{"href":"https:\/\/go.trader.ca\/fr\/wp-json\/wp\/v2\/media?parent=11593"}],"wp:term":[{"taxonomy":"category","embeddable":true,"href":"https:\/\/go.trader.ca\/fr\/wp-json\/wp\/v2\/categories?post=11593"},{"taxonomy":"post_tag","embeddable":true,"href":"https:\/\/go.trader.ca\/fr\/wp-json\/wp\/v2\/tags?post=11593"}],"curies":[{"name":"wp","href":"https:\/\/api.w.org\/{rel}","templated":true}]}}