{"id":11213,"date":"2023-04-24T13:45:40","date_gmt":"2023-04-24T17:45:40","guid":{"rendered":"https:\/\/go.trader.ca\/?p=11213"},"modified":"2023-04-24T13:45:40","modified_gmt":"2023-04-24T17:45:40","slug":"vehicules-electriques-les-acheteurs-sont-ils-vraiment-branches-ve-en-2023","status":"publish","type":"post","link":"https:\/\/go.trader.ca\/fr\/vehicules-electriques-les-acheteurs-sont-ils-vraiment-branches-ve-en-2023\/","title":{"rendered":"V\u00e9hicules \u00e9lectriques: les acheteurs sont-ils vraiment \u00ab branch\u00e9s V\u00c9 \u00bb en 2023?"},"content":{"rendered":"<div class=\"wpb-content-wrapper\"><p>[vc_row equal_height=\u00a0\u00bbyes\u00a0\u00bb content_placement=\u00a0\u00bbtop\u00a0\u00bb][vc_column][vc_column_text]Alors que la plupart des constructeurs automobiles proposent des v\u00e9hicules \u00e9lectriques (V\u00c9) et que les gouvernements mettent en place des r\u00e8gles imposant la vente de V\u00c9, les \u00e9tudes de consommation indiquent que l\u2019int\u00e9r\u00eat envers les V\u00c9 reste \u00e9lev\u00e9, m\u00eame si on ressent un certain essoufflement de l\u2019effet de nouveaut\u00e9. Pour attirer davantage d\u2019acheteurs et augmenter vos ventes de V\u00c9, nous vous conseillons de r\u00e9orienter vos efforts de communication vers les avantages des V\u00c9 et la mise en contexte des perceptions injustifi\u00e9es susceptibles de d\u00e9courager l\u2019achat.<\/p>\n<p style=\"font-weight: 400;\">.<\/p>\n<p>[\/vc_column_text][vc_empty_space height=\u00a0\u00bb50px\u00a0\u00bb][\/vc_column][\/vc_row][vc_row gap=\u00a0\u00bb20&Prime; equal_height=\u00a0\u00bbyes\u00a0\u00bb content_placement=\u00a0\u00bbmiddle\u00a0\u00bb][vc_column width=\u00a0\u00bb1\/2&Prime;][vc_single_image image=\u00a0\u00bb11223&Prime; img_size=\u00a0\u00bblarge\u00a0\u00bb][vc_empty_space height=\u00a0\u00bb50px\u00a0\u00bb][\/vc_column][vc_column width=\u00a0\u00bb1\/2&Prime;][vc_column_text]Vision il n\u2019y a pas si longtemps tr\u00e8s rare sur les autoroutes canadiennes, les V\u00c9 ne font plus tourner les t\u00eates aux feux rouges. De plus, pratiquement tous les Canadiens connaissent l\u2019existence de bornes de recharge publiques et savent qu\u2019il existe des bornes de recharge \u00e0 domicile. Toutefois, de nombreux consommateurs se posent encore bien des questions sur la diff\u00e9rence entre les hybrides et les hybrides rechargeables (PHEV) et restent h\u00e9sitants envers les v\u00e9hicules \u00e9lectriques \u00e0 batterie (V\u00c9B), restant accroch\u00e9s \u00e0 de l\u2019information d\u00e9su\u00e8te datant de l\u2019\u00e8re des tout premiers V\u00c9. Si vous souhaitez augmenter vos ventes de V\u00c9, nous vous sugg\u00e9rons d\u2019\u00eatre proactifs, de sensibiliser davantage vos clients et de tenter de surmonter leurs r\u00e9ticences, que ce soit un client \u00e0 la fois dans votre salle de montre ou en publiant de l\u2019information factuelle sur votre site Web.[\/vc_column_text][vc_empty_space height=\u00a0\u00bb50px\u00a0\u00bb][\/vc_column][\/vc_row][vc_row gap=\u00a0\u00bb20&Prime; equal_height=\u00a0\u00bbyes\u00a0\u00bb content_placement=\u00a0\u00bbmiddle\u00a0\u00bb][vc_column width=\u00a0\u00bb1\/2&Prime;][vc_column_text]Notre enqu\u00eate r\u00e9v\u00e8le que parmi les propri\u00e9taires de v\u00e9hicules \u00e0 essence n\u2019ayant aucune intention d\u2019acheter un V\u00c9, 76% mentionnent des incertitudes quant \u00e0 l\u2019autonomie limit\u00e9e, 68% disent h\u00e9siter en raison du co\u00fbt d\u2019achat et 65% ont des doutes quant \u00e0 la disponibilit\u00e9 des bornes de recharge. Il est tout \u00e0 fait compr\u00e9hensible que l\u2019autonomie soit la premi\u00e8re pr\u00e9occupation des acheteurs, mais ils sont trop nombreux \u00e0 se fier \u00e0 de l\u2019information d\u00e9pass\u00e9e, qui date d\u2019une \u00e9poque o\u00f9 les batteries \u00e9taient nettement moins efficaces. Selon les cotes officielles de Ressources naturelles Canada, presque tous les V\u00c9 de l\u2019ann\u00e9e-mod\u00e8le 2023 ont une port\u00e9e nominale d\u2019au moins 330 km et plusieurs d\u00e9passent la barre des 400 km ou m\u00eame 500 km. Pour la plupart des conducteurs, c\u2019est plus que suffisant pour aller au travail, surtout s\u2019ils consid\u00e8rent leur V\u00c9 en tant que v\u00e9hicule d\u2019appoint du m\u00e9nage, en suppl\u00e9ment \u00e0 leur v\u00e9hicule \u00e0 essence. Nous sugg\u00e9rons donc aux concessionnaires et marchands de rapidement d\u00e9terminer avec leurs acheteurs potentiels si l\u2019autonomie du V\u00c9 convoit\u00e9 est ad\u00e9quate pour leurs besoins. La disponibilit\u00e9 de l\u2019infrastructure de recharge publique \u00e9tant encore limit\u00e9e, mieux vaut parler des avantages de la recharge \u00e0 domicile pour augmenter vos chances de conclure une vente.[\/vc_column_text][vc_empty_space height=\u00a0\u00bb50px\u00a0\u00bb][\/vc_column][vc_column width=\u00a0\u00bb1\/2&Prime;][vc_single_image image=\u00a0\u00bb11225&Prime; img_size=\u00a0\u00bblarge\u00a0\u00bb][vc_empty_space height=\u00a0\u00bb50px\u00a0\u00bb][\/vc_column][\/vc_row][vc_row gap=\u00a0\u00bb20&Prime; equal_height=\u00a0\u00bbyes\u00a0\u00bb content_placement=\u00a0\u00bbmiddle\u00a0\u00bb][vc_column width=\u00a0\u00bb1\/2&Prime;][vc_single_image image=\u00a0\u00bb11227&Prime; img_size=\u00a0\u00bblarge\u00a0\u00bb][vc_empty_space height=\u00a0\u00bb50 px\u00a0\u00bb][\/vc_column][vc_column width=\u00a0\u00bb1\/2&Prime;][vc_column_text]Parmi ceux qui consid\u00e8rent l\u2019achat d\u2019un V\u00c9, 84% d\u00e9clarent \u00eatre attir\u00e9s par les \u00e9conomies de carburant, 58% disent vouloir faire leur part pour l\u2019environnement et 50% mentionnent la facilit\u00e9 d\u2019entretien d\u2019un V\u00c9. Oui, le prix est une pr\u00e9occupation majeure, mais les acheteurs ne sont g\u00e9n\u00e9ralement pas au courant des rabais propos\u00e9s et des incitatifs gouvernementaux. Il est aussi important de tenir compte des \u00e9conomies de carburant et d\u2019entretien dans le co\u00fbt total d\u2019un V\u00c9.[\/vc_column_text][vc_empty_space height=\u00a0\u00bb50px\u00a0\u00bb][\/vc_column][\/vc_row][vc_row gap=\u00a0\u00bb20&Prime; equal_height=\u00a0\u00bbyes\u00a0\u00bb content_placement=\u00a0\u00bbmiddle\u00a0\u00bb][vc_column width=\u00a0\u00bb1\/2&Prime;][vc_column_text]Vous devriez \u00e9galement mousser les nombreux autres avantages des V\u00c9, comme les garanties ultra-longues sur les batteries, la valeur de revente et dans certaines r\u00e9gions, le stationnement privil\u00e9gi\u00e9 ou le droit d\u2019emprunter les voies r\u00e9serv\u00e9es aux v\u00e9hicules multioccupants. Mieux vos prospects seront inform\u00e9s sur les V\u00c9, plus vous avez de chances de les \u00ab\u00a0brancher\u00a0\u00bb sur un v\u00e9hicule \u00e9lectrique (mauvais jeu de mot)![\/vc_column_text][vc_empty_space height=\u00a0\u00bb50px\u00a0\u00bb][\/vc_column][vc_column width=\u00a0\u00bb1\/2&Prime;][vc_single_image image=\u00a0\u00bb11229&Prime; img_size=\u00a0\u00bblarge\u00a0\u00bb][vc_empty_space height=\u00a0\u00bb50px\u00a0\u00bb][\/vc_column][\/vc_row][vc_row][vc_column][vc_separator color=\u00a0\u00bbcustom\u00a0\u00bb align=\u00a0\u00bbalign_left\u00a0\u00bb border_width=\u00a0\u00bb4&Prime; el_width=\u00a0\u00bb10&Prime; accent_color=\u00a0\u00bb#ed1c24&Prime;][vc_empty_space height=\u00a0\u00bb50px\u00a0\u00bb][vc_column_text]<\/p>\n<h3 style=\"font-weight: 400;\">Principaux points \u00e0 retenir<\/h3>\n<p>[\/vc_column_text][vc_empty_space height=\u00a0\u00bb20px\u00a0\u00bb][vc_column_text]<\/p>\n<ul>\n<li>Sensibiliser les consommateurs et acheteurs potentiels aux diff\u00e9rents types de V\u00c9 offerts sur le march\u00e9<\/li>\n<li>S\u2019assurer que les clients connaissent les diverses options de recharge, en particulier les avantages d\u2019une borne \u00e0 domicile<\/li>\n<li>D\u00e9crire les co\u00fbts, l\u2019entretien et les avantages environnementaux associ\u00e9s \u00e0 l\u2019utilisation d\u2019un V\u00c9<\/li>\n<li>Donner les plus r\u00e9centes donn\u00e9es officielles sur l\u2019autonomie par charge, pour divers mod\u00e8les<\/li>\n<\/ul>\n<p>[\/vc_column_text][vc_empty_space height=\u00a0\u00bb40px\u00a0\u00bb][\/vc_column][\/vc_row][vc_row][vc_column][vc_separator][vc_column_text]<span style=\"font-size: 10px; color: #808285;\">Source: \u00c9tude sur les v\u00e9hicules \u00e9lectriques, mars 2023 (n=1 332).<\/span>[\/vc_column_text][vc_empty_space height=\u00a0\u00bb40px\u00a0\u00bb][\/vc_column][\/vc_row][vc_row][vc_column][vc_empty_space height=\u00a0\u00bb50 px\u00a0\u00bb][\/vc_column][\/vc_row]<\/p>\n<\/div>","protected":false},"excerpt":{"rendered":"<p>[vc_row equal_height=\u00a0\u00bbyes\u00a0\u00bb content_placement=\u00a0\u00bbtop\u00a0\u00bb][vc_column][vc_column_text]Alors que la plupart des constructeurs automobiles proposent des v\u00e9hicules \u00e9lectriques (V\u00c9) et que les gouvernements mettent en place des r\u00e8gles imposant la vente de V\u00c9, les \u00e9tudes de consommation indiquent que l\u2019int\u00e9r\u00eat envers les V\u00c9 reste \u00e9lev\u00e9, m\u00eame si on ressent un certain essoufflement de l\u2019effet de nouveaut\u00e9. Pour attirer davantage d\u2019acheteurs<\/p>\n","protected":false},"author":4,"featured_media":11227,"comment_status":"open","ping_status":"open","sticky":false,"template":"","format":"standard","meta":{"site-sidebar-layout":"default","site-content-layout":"default","ast-site-content-layout":"default","site-content-style":"default","site-sidebar-style":"default","ast-global-header-display":"","ast-banner-title-visibility":"","ast-main-header-display":"","ast-hfb-above-header-display":"","ast-hfb-below-header-display":"","ast-hfb-mobile-header-display":"","site-post-title":"","ast-breadcrumbs-content":"","ast-featured-img":"","footer-sml-layout":"","ast-disable-related-posts":"","theme-transparent-header-meta":"default","adv-header-id-meta":"","stick-header-meta":"","header-above-stick-meta":"","header-main-stick-meta":"","header-below-stick-meta":"","astra-migrate-meta-layouts":"default","ast-page-background-enabled":"default","ast-page-background-meta":{"desktop":{"background-color":"var(--ast-global-color-4)","background-image":"","background-repeat":"repeat","background-position":"center center","background-size":"auto","background-attachment":"scroll","background-type":"","background-media":"","overlay-type":"","overlay-color":"","overlay-opacity":"","overlay-gradient":""},"tablet":{"background-color":"","background-image":"","background-repeat":"repeat","background-position":"center center","background-size":"auto","background-attachment":"scroll","background-type":"","background-media":"","overlay-type":"","overlay-color":"","overlay-opacity":"","overlay-gradient":""},"mobile":{"background-color":"","background-image":"","background-repeat":"repeat","background-position":"center center","background-size":"auto","background-attachment":"scroll","background-type":"","background-media":"","overlay-type":"","overlay-color":"","overlay-opacity":"","overlay-gradient":""}},"ast-content-background-meta":{"desktop":{"background-color":"var(--ast-global-color-5)","background-image":"","background-repeat":"repeat","background-position":"center center","background-size":"auto","background-attachment":"scroll","background-type":"","background-media":"","overlay-type":"","overlay-color":"","overlay-opacity":"","overlay-gradient":""},"tablet":{"background-color":"var(--ast-global-color-5)","background-image":"","background-repeat":"repeat","background-position":"center center","background-size":"auto","background-attachment":"scroll","background-type":"","background-media":"","overlay-type":"","overlay-color":"","overlay-opacity":"","overlay-gradient":""},"mobile":{"background-color":"var(--ast-global-color-5)","background-image":"","background-repeat":"repeat","background-position":"center center","background-size":"auto","background-attachment":"scroll","background-type":"","background-media":"","overlay-type":"","overlay-color":"","overlay-opacity":"","overlay-gradient":""}},"footnotes":""},"categories":[749],"tags":[727,739,733],"class_list":["post-11213","post","type-post","status-publish","format-standard","has-post-thumbnail","hentry","category-articles","tag-consommateurs","tag-etudes-de-marche","tag-vehicules-electriques"],"acf":[],"yoast_head":"<!-- This site is optimized with the Yoast SEO plugin v27.3 - https:\/\/yoast.com\/product\/yoast-seo-wordpress\/ -->\n<title>V\u00e9hicules \u00e9lectriques: les acheteurs sont-ils vraiment \u00ab branch\u00e9s V\u00c9 \u00bb en 2023? | Soci\u00e9t\u00e9 TRADER<\/title>\n<meta name=\"robots\" content=\"index, follow, max-snippet:-1, max-image-preview:large, max-video-preview:-1\" \/>\n<link rel=\"canonical\" href=\"https:\/\/go.trader.ca\/fr\/vehicules-electriques-les-acheteurs-sont-ils-vraiment-branches-ve-en-2023\/\" \/>\n<meta property=\"og:locale\" content=\"fr_FR\" \/>\n<meta property=\"og:type\" content=\"article\" \/>\n<meta property=\"og:title\" content=\"V\u00e9hicules \u00e9lectriques: les acheteurs sont-ils vraiment \u00ab branch\u00e9s V\u00c9 \u00bb en 2023? | Soci\u00e9t\u00e9 TRADER\" \/>\n<meta property=\"og:description\" content=\"[vc_row equal_height=\u00a0\u00bbyes\u00a0\u00bb content_placement=\u00a0\u00bbtop\u00a0\u00bb][vc_column][vc_column_text]Alors que la plupart des constructeurs automobiles proposent des v\u00e9hicules \u00e9lectriques (V\u00c9) et que les gouvernements mettent en place des r\u00e8gles imposant la vente de V\u00c9, les \u00e9tudes de consommation indiquent que l\u2019int\u00e9r\u00eat envers les V\u00c9 reste \u00e9lev\u00e9, m\u00eame si on ressent un certain essoufflement de l\u2019effet de nouveaut\u00e9. Pour attirer davantage d\u2019acheteurs\" \/>\n<meta property=\"og:url\" content=\"https:\/\/go.trader.ca\/fr\/vehicules-electriques-les-acheteurs-sont-ils-vraiment-branches-ve-en-2023\/\" \/>\n<meta property=\"og:site_name\" content=\"TRADER\" \/>\n<meta property=\"article:published_time\" content=\"2023-04-24T17:45:40+00:00\" \/>\n<meta property=\"og:image\" content=\"https:\/\/go.trader.ca\/wp-content\/uploads\/2023\/04\/ElectricVehicles-FR-01-04.png\" \/>\n\t<meta property=\"og:image:width\" content=\"1197\" \/>\n\t<meta property=\"og:image:height\" content=\"1026\" \/>\n\t<meta property=\"og:image:type\" content=\"image\/png\" \/>\n<meta name=\"author\" content=\"Milan Brankovic\" \/>\n<meta name=\"twitter:card\" content=\"summary_large_image\" \/>\n<meta name=\"twitter:label1\" content=\"\u00c9crit par\" \/>\n\t<meta name=\"twitter:data1\" content=\"Milan Brankovic\" \/>\n\t<meta name=\"twitter:label2\" content=\"Dur\u00e9e de lecture estim\u00e9e\" \/>\n\t<meta name=\"twitter:data2\" content=\"4 minutes\" \/>\n<script type=\"application\/ld+json\" class=\"yoast-schema-graph\">{\"@context\":\"https:\\\/\\\/schema.org\",\"@graph\":[{\"@type\":\"Article\",\"@id\":\"https:\\\/\\\/go.trader.ca\\\/fr\\\/vehicules-electriques-les-acheteurs-sont-ils-vraiment-branches-ve-en-2023\\\/#article\",\"isPartOf\":{\"@id\":\"https:\\\/\\\/go.trader.ca\\\/fr\\\/vehicules-electriques-les-acheteurs-sont-ils-vraiment-branches-ve-en-2023\\\/\"},\"author\":{\"name\":\"Milan Brankovic\",\"@id\":\"https:\\\/\\\/go.trader.ca\\\/#\\\/schema\\\/person\\\/deb46c904a684d056b6eddd9fce98e8b\"},\"headline\":\"V\u00e9hicules \u00e9lectriques: les acheteurs sont-ils vraiment \u00ab branch\u00e9s V\u00c9 \u00bb en 2023?\",\"datePublished\":\"2023-04-24T17:45:40+00:00\",\"mainEntityOfPage\":{\"@id\":\"https:\\\/\\\/go.trader.ca\\\/fr\\\/vehicules-electriques-les-acheteurs-sont-ils-vraiment-branches-ve-en-2023\\\/\"},\"wordCount\":1011,\"commentCount\":0,\"publisher\":{\"@id\":\"https:\\\/\\\/go.trader.ca\\\/#organization\"},\"image\":{\"@id\":\"https:\\\/\\\/go.trader.ca\\\/fr\\\/vehicules-electriques-les-acheteurs-sont-ils-vraiment-branches-ve-en-2023\\\/#primaryimage\"},\"thumbnailUrl\":\"https:\\\/\\\/go.trader.ca\\\/wp-content\\\/uploads\\\/2023\\\/04\\\/ElectricVehicles-FR-01-04.png\",\"keywords\":[\"Consommateurs\",\"\u00c9tudes de march\u00e9\",\"V\u00e9hicules \u00e9lectriques\"],\"articleSection\":[\"Articles\"],\"inLanguage\":\"fr-FR\",\"potentialAction\":[{\"@type\":\"CommentAction\",\"name\":\"Comment\",\"target\":[\"https:\\\/\\\/go.trader.ca\\\/fr\\\/vehicules-electriques-les-acheteurs-sont-ils-vraiment-branches-ve-en-2023\\\/#respond\"]}]},{\"@type\":\"WebPage\",\"@id\":\"https:\\\/\\\/go.trader.ca\\\/fr\\\/vehicules-electriques-les-acheteurs-sont-ils-vraiment-branches-ve-en-2023\\\/\",\"url\":\"https:\\\/\\\/go.trader.ca\\\/fr\\\/vehicules-electriques-les-acheteurs-sont-ils-vraiment-branches-ve-en-2023\\\/\",\"name\":\"V\u00e9hicules \u00e9lectriques: les acheteurs sont-ils vraiment \u00ab branch\u00e9s V\u00c9 \u00bb en 2023? | Soci\u00e9t\u00e9 TRADER\",\"isPartOf\":{\"@id\":\"https:\\\/\\\/go.trader.ca\\\/#website\"},\"primaryImageOfPage\":{\"@id\":\"https:\\\/\\\/go.trader.ca\\\/fr\\\/vehicules-electriques-les-acheteurs-sont-ils-vraiment-branches-ve-en-2023\\\/#primaryimage\"},\"image\":{\"@id\":\"https:\\\/\\\/go.trader.ca\\\/fr\\\/vehicules-electriques-les-acheteurs-sont-ils-vraiment-branches-ve-en-2023\\\/#primaryimage\"},\"thumbnailUrl\":\"https:\\\/\\\/go.trader.ca\\\/wp-content\\\/uploads\\\/2023\\\/04\\\/ElectricVehicles-FR-01-04.png\",\"datePublished\":\"2023-04-24T17:45:40+00:00\",\"breadcrumb\":{\"@id\":\"https:\\\/\\\/go.trader.ca\\\/fr\\\/vehicules-electriques-les-acheteurs-sont-ils-vraiment-branches-ve-en-2023\\\/#breadcrumb\"},\"inLanguage\":\"fr-FR\",\"potentialAction\":[{\"@type\":\"ReadAction\",\"target\":[\"https:\\\/\\\/go.trader.ca\\\/fr\\\/vehicules-electriques-les-acheteurs-sont-ils-vraiment-branches-ve-en-2023\\\/\"]}]},{\"@type\":\"ImageObject\",\"inLanguage\":\"fr-FR\",\"@id\":\"https:\\\/\\\/go.trader.ca\\\/fr\\\/vehicules-electriques-les-acheteurs-sont-ils-vraiment-branches-ve-en-2023\\\/#primaryimage\",\"url\":\"https:\\\/\\\/go.trader.ca\\\/wp-content\\\/uploads\\\/2023\\\/04\\\/ElectricVehicles-FR-01-04.png\",\"contentUrl\":\"https:\\\/\\\/go.trader.ca\\\/wp-content\\\/uploads\\\/2023\\\/04\\\/ElectricVehicles-FR-01-04.png\",\"width\":1197,\"height\":1026},{\"@type\":\"BreadcrumbList\",\"@id\":\"https:\\\/\\\/go.trader.ca\\\/fr\\\/vehicules-electriques-les-acheteurs-sont-ils-vraiment-branches-ve-en-2023\\\/#breadcrumb\",\"itemListElement\":[{\"@type\":\"ListItem\",\"position\":1,\"name\":\"Home\",\"item\":\"https:\\\/\\\/go.trader.ca\\\/fr\\\/\"},{\"@type\":\"ListItem\",\"position\":2,\"name\":\"V\u00e9hicules \u00e9lectriques: les acheteurs sont-ils vraiment \u00ab branch\u00e9s V\u00c9 \u00bb en 2023?\"}]},{\"@type\":\"WebSite\",\"@id\":\"https:\\\/\\\/go.trader.ca\\\/#website\",\"url\":\"https:\\\/\\\/go.trader.ca\\\/\",\"name\":\"AutoTrader.ca & AutoHebdo.net\",\"description\":\"La plus grande et r\u00e9put\u00e9e place d\u2019affaires automobile au Canada\",\"publisher\":{\"@id\":\"https:\\\/\\\/go.trader.ca\\\/#organization\"},\"potentialAction\":[{\"@type\":\"SearchAction\",\"target\":{\"@type\":\"EntryPoint\",\"urlTemplate\":\"https:\\\/\\\/go.trader.ca\\\/?s={search_term_string}\"},\"query-input\":{\"@type\":\"PropertyValueSpecification\",\"valueRequired\":true,\"valueName\":\"search_term_string\"}}],\"inLanguage\":\"fr-FR\"},{\"@type\":\"Organization\",\"@id\":\"https:\\\/\\\/go.trader.ca\\\/#organization\",\"name\":\"AutoTrader.ca & AutoHebdo.net\",\"url\":\"https:\\\/\\\/go.trader.ca\\\/\",\"logo\":{\"@type\":\"ImageObject\",\"inLanguage\":\"fr-FR\",\"@id\":\"https:\\\/\\\/go.trader.ca\\\/#\\\/schema\\\/logo\\\/image\\\/\",\"url\":\"https:\\\/\\\/go.trader.ca\\\/wp-content\\\/uploads\\\/2024\\\/04\\\/Logo-AutoHebdo-FR.png\",\"contentUrl\":\"https:\\\/\\\/go.trader.ca\\\/wp-content\\\/uploads\\\/2024\\\/04\\\/Logo-AutoHebdo-FR.png\",\"width\":484,\"height\":52,\"caption\":\"AutoTrader.ca & AutoHebdo.net\"},\"image\":{\"@id\":\"https:\\\/\\\/go.trader.ca\\\/#\\\/schema\\\/logo\\\/image\\\/\"}},{\"@type\":\"Person\",\"@id\":\"https:\\\/\\\/go.trader.ca\\\/#\\\/schema\\\/person\\\/deb46c904a684d056b6eddd9fce98e8b\",\"name\":\"Milan Brankovic\",\"image\":{\"@type\":\"ImageObject\",\"inLanguage\":\"fr-FR\",\"@id\":\"https:\\\/\\\/secure.gravatar.com\\\/avatar\\\/f9a878d6529c9541a16d4fc98ecbabd89e05e91219e805579dab059559f5f623?s=96&d=mm&r=g\",\"url\":\"https:\\\/\\\/secure.gravatar.com\\\/avatar\\\/f9a878d6529c9541a16d4fc98ecbabd89e05e91219e805579dab059559f5f623?s=96&d=mm&r=g\",\"contentUrl\":\"https:\\\/\\\/secure.gravatar.com\\\/avatar\\\/f9a878d6529c9541a16d4fc98ecbabd89e05e91219e805579dab059559f5f623?s=96&d=mm&r=g\",\"caption\":\"Milan Brankovic\"},\"url\":\"https:\\\/\\\/go.trader.ca\\\/fr\\\/author\\\/milan-brankovictrader-ca\\\/\"}]}<\/script>\n<!-- \/ Yoast SEO plugin. -->","yoast_head_json":{"title":"V\u00e9hicules \u00e9lectriques: les acheteurs sont-ils vraiment \u00ab branch\u00e9s V\u00c9 \u00bb en 2023? | Soci\u00e9t\u00e9 TRADER","robots":{"index":"index","follow":"follow","max-snippet":"max-snippet:-1","max-image-preview":"max-image-preview:large","max-video-preview":"max-video-preview:-1"},"canonical":"https:\/\/go.trader.ca\/fr\/vehicules-electriques-les-acheteurs-sont-ils-vraiment-branches-ve-en-2023\/","og_locale":"fr_FR","og_type":"article","og_title":"V\u00e9hicules \u00e9lectriques: les acheteurs sont-ils vraiment \u00ab branch\u00e9s V\u00c9 \u00bb en 2023? | Soci\u00e9t\u00e9 TRADER","og_description":"[vc_row equal_height=\u00a0\u00bbyes\u00a0\u00bb content_placement=\u00a0\u00bbtop\u00a0\u00bb][vc_column][vc_column_text]Alors que la plupart des constructeurs automobiles proposent des v\u00e9hicules \u00e9lectriques (V\u00c9) et que les gouvernements mettent en place des r\u00e8gles imposant la vente de V\u00c9, les \u00e9tudes de consommation indiquent que l\u2019int\u00e9r\u00eat envers les V\u00c9 reste \u00e9lev\u00e9, m\u00eame si on ressent un certain essoufflement de l\u2019effet de nouveaut\u00e9. Pour attirer davantage d\u2019acheteurs","og_url":"https:\/\/go.trader.ca\/fr\/vehicules-electriques-les-acheteurs-sont-ils-vraiment-branches-ve-en-2023\/","og_site_name":"TRADER","article_published_time":"2023-04-24T17:45:40+00:00","og_image":[{"width":1197,"height":1026,"url":"https:\/\/go.trader.ca\/wp-content\/uploads\/2023\/04\/ElectricVehicles-FR-01-04.png","type":"image\/png"}],"author":"Milan Brankovic","twitter_card":"summary_large_image","twitter_misc":{"\u00c9crit par":"Milan Brankovic","Dur\u00e9e de lecture estim\u00e9e":"4 minutes"},"schema":{"@context":"https:\/\/schema.org","@graph":[{"@type":"Article","@id":"https:\/\/go.trader.ca\/fr\/vehicules-electriques-les-acheteurs-sont-ils-vraiment-branches-ve-en-2023\/#article","isPartOf":{"@id":"https:\/\/go.trader.ca\/fr\/vehicules-electriques-les-acheteurs-sont-ils-vraiment-branches-ve-en-2023\/"},"author":{"name":"Milan Brankovic","@id":"https:\/\/go.trader.ca\/#\/schema\/person\/deb46c904a684d056b6eddd9fce98e8b"},"headline":"V\u00e9hicules \u00e9lectriques: les acheteurs sont-ils vraiment \u00ab branch\u00e9s V\u00c9 \u00bb en 2023?","datePublished":"2023-04-24T17:45:40+00:00","mainEntityOfPage":{"@id":"https:\/\/go.trader.ca\/fr\/vehicules-electriques-les-acheteurs-sont-ils-vraiment-branches-ve-en-2023\/"},"wordCount":1011,"commentCount":0,"publisher":{"@id":"https:\/\/go.trader.ca\/#organization"},"image":{"@id":"https:\/\/go.trader.ca\/fr\/vehicules-electriques-les-acheteurs-sont-ils-vraiment-branches-ve-en-2023\/#primaryimage"},"thumbnailUrl":"https:\/\/go.trader.ca\/wp-content\/uploads\/2023\/04\/ElectricVehicles-FR-01-04.png","keywords":["Consommateurs","\u00c9tudes de march\u00e9","V\u00e9hicules \u00e9lectriques"],"articleSection":["Articles"],"inLanguage":"fr-FR","potentialAction":[{"@type":"CommentAction","name":"Comment","target":["https:\/\/go.trader.ca\/fr\/vehicules-electriques-les-acheteurs-sont-ils-vraiment-branches-ve-en-2023\/#respond"]}]},{"@type":"WebPage","@id":"https:\/\/go.trader.ca\/fr\/vehicules-electriques-les-acheteurs-sont-ils-vraiment-branches-ve-en-2023\/","url":"https:\/\/go.trader.ca\/fr\/vehicules-electriques-les-acheteurs-sont-ils-vraiment-branches-ve-en-2023\/","name":"V\u00e9hicules \u00e9lectriques: les acheteurs sont-ils vraiment \u00ab branch\u00e9s V\u00c9 \u00bb en 2023? | Soci\u00e9t\u00e9 TRADER","isPartOf":{"@id":"https:\/\/go.trader.ca\/#website"},"primaryImageOfPage":{"@id":"https:\/\/go.trader.ca\/fr\/vehicules-electriques-les-acheteurs-sont-ils-vraiment-branches-ve-en-2023\/#primaryimage"},"image":{"@id":"https:\/\/go.trader.ca\/fr\/vehicules-electriques-les-acheteurs-sont-ils-vraiment-branches-ve-en-2023\/#primaryimage"},"thumbnailUrl":"https:\/\/go.trader.ca\/wp-content\/uploads\/2023\/04\/ElectricVehicles-FR-01-04.png","datePublished":"2023-04-24T17:45:40+00:00","breadcrumb":{"@id":"https:\/\/go.trader.ca\/fr\/vehicules-electriques-les-acheteurs-sont-ils-vraiment-branches-ve-en-2023\/#breadcrumb"},"inLanguage":"fr-FR","potentialAction":[{"@type":"ReadAction","target":["https:\/\/go.trader.ca\/fr\/vehicules-electriques-les-acheteurs-sont-ils-vraiment-branches-ve-en-2023\/"]}]},{"@type":"ImageObject","inLanguage":"fr-FR","@id":"https:\/\/go.trader.ca\/fr\/vehicules-electriques-les-acheteurs-sont-ils-vraiment-branches-ve-en-2023\/#primaryimage","url":"https:\/\/go.trader.ca\/wp-content\/uploads\/2023\/04\/ElectricVehicles-FR-01-04.png","contentUrl":"https:\/\/go.trader.ca\/wp-content\/uploads\/2023\/04\/ElectricVehicles-FR-01-04.png","width":1197,"height":1026},{"@type":"BreadcrumbList","@id":"https:\/\/go.trader.ca\/fr\/vehicules-electriques-les-acheteurs-sont-ils-vraiment-branches-ve-en-2023\/#breadcrumb","itemListElement":[{"@type":"ListItem","position":1,"name":"Home","item":"https:\/\/go.trader.ca\/fr\/"},{"@type":"ListItem","position":2,"name":"V\u00e9hicules \u00e9lectriques: les acheteurs sont-ils vraiment \u00ab branch\u00e9s V\u00c9 \u00bb en 2023?"}]},{"@type":"WebSite","@id":"https:\/\/go.trader.ca\/#website","url":"https:\/\/go.trader.ca\/","name":"AutoTrader.ca & AutoHebdo.net","description":"La plus grande et r\u00e9put\u00e9e place d\u2019affaires automobile au Canada","publisher":{"@id":"https:\/\/go.trader.ca\/#organization"},"potentialAction":[{"@type":"SearchAction","target":{"@type":"EntryPoint","urlTemplate":"https:\/\/go.trader.ca\/?s={search_term_string}"},"query-input":{"@type":"PropertyValueSpecification","valueRequired":true,"valueName":"search_term_string"}}],"inLanguage":"fr-FR"},{"@type":"Organization","@id":"https:\/\/go.trader.ca\/#organization","name":"AutoTrader.ca & AutoHebdo.net","url":"https:\/\/go.trader.ca\/","logo":{"@type":"ImageObject","inLanguage":"fr-FR","@id":"https:\/\/go.trader.ca\/#\/schema\/logo\/image\/","url":"https:\/\/go.trader.ca\/wp-content\/uploads\/2024\/04\/Logo-AutoHebdo-FR.png","contentUrl":"https:\/\/go.trader.ca\/wp-content\/uploads\/2024\/04\/Logo-AutoHebdo-FR.png","width":484,"height":52,"caption":"AutoTrader.ca & AutoHebdo.net"},"image":{"@id":"https:\/\/go.trader.ca\/#\/schema\/logo\/image\/"}},{"@type":"Person","@id":"https:\/\/go.trader.ca\/#\/schema\/person\/deb46c904a684d056b6eddd9fce98e8b","name":"Milan Brankovic","image":{"@type":"ImageObject","inLanguage":"fr-FR","@id":"https:\/\/secure.gravatar.com\/avatar\/f9a878d6529c9541a16d4fc98ecbabd89e05e91219e805579dab059559f5f623?s=96&d=mm&r=g","url":"https:\/\/secure.gravatar.com\/avatar\/f9a878d6529c9541a16d4fc98ecbabd89e05e91219e805579dab059559f5f623?s=96&d=mm&r=g","contentUrl":"https:\/\/secure.gravatar.com\/avatar\/f9a878d6529c9541a16d4fc98ecbabd89e05e91219e805579dab059559f5f623?s=96&d=mm&r=g","caption":"Milan Brankovic"},"url":"https:\/\/go.trader.ca\/fr\/author\/milan-brankovictrader-ca\/"}]}},"_links":{"self":[{"href":"https:\/\/go.trader.ca\/fr\/wp-json\/wp\/v2\/posts\/11213","targetHints":{"allow":["GET"]}}],"collection":[{"href":"https:\/\/go.trader.ca\/fr\/wp-json\/wp\/v2\/posts"}],"about":[{"href":"https:\/\/go.trader.ca\/fr\/wp-json\/wp\/v2\/types\/post"}],"author":[{"embeddable":true,"href":"https:\/\/go.trader.ca\/fr\/wp-json\/wp\/v2\/users\/4"}],"replies":[{"embeddable":true,"href":"https:\/\/go.trader.ca\/fr\/wp-json\/wp\/v2\/comments?post=11213"}],"version-history":[{"count":0,"href":"https:\/\/go.trader.ca\/fr\/wp-json\/wp\/v2\/posts\/11213\/revisions"}],"wp:featuredmedia":[{"embeddable":true,"href":"https:\/\/go.trader.ca\/fr\/wp-json\/wp\/v2\/media\/11227"}],"wp:attachment":[{"href":"https:\/\/go.trader.ca\/fr\/wp-json\/wp\/v2\/media?parent=11213"}],"wp:term":[{"taxonomy":"category","embeddable":true,"href":"https:\/\/go.trader.ca\/fr\/wp-json\/wp\/v2\/categories?post=11213"},{"taxonomy":"post_tag","embeddable":true,"href":"https:\/\/go.trader.ca\/fr\/wp-json\/wp\/v2\/tags?post=11213"}],"curies":[{"name":"wp","href":"https:\/\/api.w.org\/{rel}","templated":true}]}}